{"id":7430,"date":"2018-04-23T15:49:28","date_gmt":"2018-04-23T19:49:28","guid":{"rendered":"https:\/\/nelidesign.com\/?p=7430"},"modified":"2019-03-10T17:12:47","modified_gmt":"2019-03-10T21:12:47","slug":"creer-un-ecran-dintimite-pour-la-terrasse","status":"publish","type":"post","link":"https:\/\/nelidesign.com\/fr\/creer-un-ecran-dintimite-pour-la-terrasse\/","title":{"rendered":"Comment cr\u00e9er un \u00e9cran d'intimit\u00e9 ext\u00e9rieur"},"content":{"rendered":"<p>[wc_box color=\"inverse\" text_align=\"center\" margin_top=\"\" margin_bottom=\"\" class=\"\"]Un \u00e9cran d'intimit\u00e9 ext\u00e9rieur est souvent indispensable lorsqu'on habite en ville, les voisins \u00e9tant beaucoup plus proches qu'on le souhaiterait! Voyez comment j'ai solutionn\u00e9 cette probl\u00e9matique en cr\u00e9ant un mur ajustable selon les besoins.[\/wc_box]<\/p>\n<p>Quoi de plus plaisant, une fois le beau temps arriv\u00e9, que de prendre les repas dehors ou de simplement s'installer avec un bon livre sur la terrasse. Dans mon cas, c'est souvent mon portable qui me suit sur le patio. Je m'occupe de mon blogue tout en prenant l'air! Avouez que j'ai l'air confortable malgr\u00e9 les chaises en plastique blanches!<\/p>\n<p><img decoding=\"async\" fetchpriority=\"high\" class=\"aligncenter size-full wp-image-7477\" src=\"https:\/\/nelidesign.com\/wp-content\/uploads\/2018\/04\/IMG_20170625_110815.jpg\" alt=\"Comment cr\u00e9er un \u00e9cran d'intimit\u00e9 ext\u00e9rieur, \u00e9cran de patio, balcon, \u00e9cran ext\u00e9rieur, s\u00e9paration, couper la vue #patio #exterieur\" width=\"960\" height=\"720\" srcset=\"https:\/\/nelidesign.com\/wp-content\/uploads\/2018\/04\/IMG_20170625_110815.jpg 960w, https:\/\/nelidesign.com\/wp-content\/uploads\/2018\/04\/IMG_20170625_110815-300x225.jpg 300w, https:\/\/nelidesign.com\/wp-content\/uploads\/2018\/04\/IMG_20170625_110815-768x576.jpg 768w, https:\/\/nelidesign.com\/wp-content\/uploads\/2018\/04\/IMG_20170625_110815-250x188.jpg 250w, https:\/\/nelidesign.com\/wp-content\/uploads\/2018\/04\/IMG_20170625_110815-550x413.jpg 550w, https:\/\/nelidesign.com\/wp-content\/uploads\/2018\/04\/IMG_20170625_110815-800x600.jpg 800w, https:\/\/nelidesign.com\/wp-content\/uploads\/2018\/04\/IMG_20170625_110815-240x180.jpg 240w, https:\/\/nelidesign.com\/wp-content\/uploads\/2018\/04\/IMG_20170625_110815-400x300.jpg 400w, https:\/\/nelidesign.com\/wp-content\/uploads\/2018\/04\/IMG_20170625_110815-667x500.jpg 667w\" sizes=\"(max-width: 960px) 100vw, 960px\" \/><\/p>\n<p>J'adore ce patio avec son toit qui nous permet d'y rester, peu importe la temp\u00e9rature. Malheureusement, il a un gros d\u00e9faut\u00a0: il manque un peu d'intimit\u00e9! En effet, le patio du voisin est exactement vis-\u00e0-vis le n\u00f4tre.<\/p>\n<p><img decoding=\"async\" class=\"aligncenter size-full wp-image-7435\" src=\"https:\/\/nelidesign.com\/wp-content\/uploads\/2018\/04\/Privacy_screen-1.jpg\" alt=\"Comment cr\u00e9er un \u00e9cran d'intimit\u00e9 ext\u00e9rieur, \u00e9cran de patio, balcon, \u00e9cran ext\u00e9rieur, s\u00e9paration, couper la vue #patio #exterieur \" width=\"860\" height=\"645\" srcset=\"https:\/\/nelidesign.com\/wp-content\/uploads\/2018\/04\/Privacy_screen-1.jpg 860w, https:\/\/nelidesign.com\/wp-content\/uploads\/2018\/04\/Privacy_screen-1-300x225.jpg 300w, https:\/\/nelidesign.com\/wp-content\/uploads\/2018\/04\/Privacy_screen-1-768x576.jpg 768w, https:\/\/nelidesign.com\/wp-content\/uploads\/2018\/04\/Privacy_screen-1-250x188.jpg 250w, https:\/\/nelidesign.com\/wp-content\/uploads\/2018\/04\/Privacy_screen-1-550x413.jpg 550w, https:\/\/nelidesign.com\/wp-content\/uploads\/2018\/04\/Privacy_screen-1-800x600.jpg 800w, https:\/\/nelidesign.com\/wp-content\/uploads\/2018\/04\/Privacy_screen-1-240x180.jpg 240w, https:\/\/nelidesign.com\/wp-content\/uploads\/2018\/04\/Privacy_screen-1-400x300.jpg 400w, https:\/\/nelidesign.com\/wp-content\/uploads\/2018\/04\/Privacy_screen-1-667x500.jpg 667w\" sizes=\"(max-width: 860px) 100vw, 860px\" \/><\/p>\n<p>Ce croquis vous montre la proximit\u00e9 qui existe avec nos voisins. Notez qu'on n'a pas l'habitude de s'envoyer la main comme \u00e7a! \ud83d\ude09<\/p>\n<p><img decoding=\"async\" class=\"aligncenter size-full wp-image-7466\" src=\"https:\/\/nelidesign.com\/wp-content\/uploads\/2018\/04\/proximit\u00e9.jpg\" alt=\"Comment cr\u00e9er un \u00e9cran d'intimit\u00e9 ext\u00e9rieur, \u00e9cran de patio, balcon, \u00e9cran ext\u00e9rieur, s\u00e9paration, couper la vue #patio #exterieur\" width=\"1620\" height=\"973\" srcset=\"https:\/\/nelidesign.com\/wp-content\/uploads\/2018\/04\/proximit\u00e9.jpg 1620w, https:\/\/nelidesign.com\/wp-content\/uploads\/2018\/04\/proximit\u00e9-300x180.jpg 300w, https:\/\/nelidesign.com\/wp-content\/uploads\/2018\/04\/proximit\u00e9-768x461.jpg 768w, https:\/\/nelidesign.com\/wp-content\/uploads\/2018\/04\/proximit\u00e9-1024x615.jpg 1024w, https:\/\/nelidesign.com\/wp-content\/uploads\/2018\/04\/proximit\u00e9-250x150.jpg 250w, https:\/\/nelidesign.com\/wp-content\/uploads\/2018\/04\/proximit\u00e9-550x330.jpg 550w, https:\/\/nelidesign.com\/wp-content\/uploads\/2018\/04\/proximit\u00e9-800x480.jpg 800w, https:\/\/nelidesign.com\/wp-content\/uploads\/2018\/04\/proximit\u00e9-499x300.jpg 499w, https:\/\/nelidesign.com\/wp-content\/uploads\/2018\/04\/proximit\u00e9-832x500.jpg 832w\" sizes=\"(max-width: 1620px) 100vw, 1620px\" \/><\/p>\n<h2>Comment r\u00e9aliser un \u00e9cran d'intimit\u00e9 ext\u00e9rieur<\/h2>\n<p>J'ai cherch\u00e9 toutes sortes de solutions pour rentre mon patio plus intime sans investir une fortune. Je voulais aussi quelque chose qui ne bloquerait pas compl\u00e8tement le soleil.<\/p>\n<p><i><span style=\"font-weight: 400;\">Cet article contient des liens vers des produits affili\u00e9s pour votre convenance et sans frais suppl\u00e9mentaires pour vous. <\/span><\/i><a href=\"https:\/\/nelidesign.com\/fr\/divulgation\/\"><i><span style=\"font-weight: 400;\">Cliquez ici pour lire ma politique de divulgation compl\u00e8te.<\/span><\/i><\/a><\/p>\n<p>J'ai finalement d\u00e9couvert <a href=\"https:\/\/www.amazon.com\/Pylex-11060-Sunblind-System-Black\/dp\/B0754D1F99\/ref=as_li_ss_tl?ie=UTF8&amp;qid=1524309116&amp;sr=8-1&amp;keywords=deck+sunblind&amp;linkCode=ll1&amp;tag=nelidesign20-20&amp;linkId=5a82f331290333508675adbee7614a78\" target=\"_blank\" rel=\"nofollow noopener noreferrer\">ce petit kit de quincaillerie <\/a>et j'ai tout de suite su que c'\u00e9tait ce qu'il me fallait. Il s'agit d'un syst\u00e8me permettant de r\u00e9aliser soi-m\u00eame des persiennes, de la longueur qu'on d\u00e9sire.<\/p>\n<p>Chaque kit permet de faire des persiennes de 48\" de haut (soit 11 volets). Comme mon balcon fait 12 pieds, j'en ai utilis\u00e9 3. J'aurais pu en utiliser seulement 2, mais je voulais avoir plus de possibilit\u00e9 sur ce que je pouvais fermer et laisser ouvert.<\/p>\n<h3>Mat\u00e9riaux requis<\/h3>\n<p>[wc_box color=\"primary\" text_align=\"left\" margin_top=\"\" margin_bottom=\"\" class=\"\"]<\/p>\n<ul>\n<li><a href=\"https:\/\/www.amazon.com\/Pylex-11060-Sunblind-System-Black\/dp\/B0754D1F99\/ref=as_li_ss_tl?ie=UTF8&amp;qid=1524309116&amp;sr=8-1&amp;keywords=deck+sunblind&amp;linkCode=ll1&amp;tag=nelidesign20-20&amp;linkId=10e68df7bea9935635cb592334cd0de0\" target=\"_blank\" rel=\"nofollow noopener noreferrer\">Kit de quincaillerie <\/a>(j'en ai utilis\u00e9 3)<\/li>\n<li>Planches \u00e0 cl\u00f4ture en bois trait\u00e9 (1\u00a0x 6)<\/li>\n<li>3 - 4 x 4 en bois trait\u00e9<\/li>\n<li>Vis pour bois trait\u00e9<\/li>\n<li>Scie \u00e0 onglet<\/li>\n<\/ul>\n<p>[\/wc_box]<\/p>\n<p>Comme le balcon \u00e9tait d\u00e9j\u00e0 de couleur vert-gris (pas mon choix!) j'ai choisi le bois trait\u00e9 vert. Et puisqu'il faut attendre 2 ans avant de mettre quoi que ce soit dessus, je me suis dit que \u00e7a s'agencerait avec le reste d'ici l\u00e0!<\/p>\n<h3>Comment r\u00e9aliser l'\u00e9cran d'intimit\u00e9 ext\u00e9rieur<\/h3>\n<p>Le kit de quincaillerie est relativement simple \u00e0 installer et les instructions sont claires. \u00c7a a \u00e9t\u00e9 plus long faire la partie basse du patio, car on n'avait pas d'instructions pour cette partie!\u00a0\ud83d\ude1b<\/p>\n<p>On a tout d'abord install\u00e9 les 4\" x 4\" en les vissant dans le haut et dans le bas.<\/p>\n<p><img decoding=\"async\" class=\"aligncenter size-full wp-image-7456\" src=\"https:\/\/nelidesign.com\/wp-content\/uploads\/2018\/04\/Privacy_screen-20.jpg\" alt=\"Comment cr\u00e9er un \u00e9cran d'intimit\u00e9 ext\u00e9rieur, \u00e9cran de patio, balcon, \u00e9cran ext\u00e9rieur, s\u00e9paration, couper la vue #patio #exterieur\" width=\"860\" height=\"562\" srcset=\"https:\/\/nelidesign.com\/wp-content\/uploads\/2018\/04\/Privacy_screen-20.jpg 860w, https:\/\/nelidesign.com\/wp-content\/uploads\/2018\/04\/Privacy_screen-20-300x196.jpg 300w, https:\/\/nelidesign.com\/wp-content\/uploads\/2018\/04\/Privacy_screen-20-768x502.jpg 768w, https:\/\/nelidesign.com\/wp-content\/uploads\/2018\/04\/Privacy_screen-20-250x163.jpg 250w, https:\/\/nelidesign.com\/wp-content\/uploads\/2018\/04\/Privacy_screen-20-550x359.jpg 550w, https:\/\/nelidesign.com\/wp-content\/uploads\/2018\/04\/Privacy_screen-20-800x523.jpg 800w, https:\/\/nelidesign.com\/wp-content\/uploads\/2018\/04\/Privacy_screen-20-275x180.jpg 275w, https:\/\/nelidesign.com\/wp-content\/uploads\/2018\/04\/Privacy_screen-20-459x300.jpg 459w, https:\/\/nelidesign.com\/wp-content\/uploads\/2018\/04\/Privacy_screen-20-765x500.jpg 765w\" sizes=\"(max-width: 860px) 100vw, 860px\" \/><\/p>\n<p>Ensuite, on a r\u00e9cup\u00e9r\u00e9 la main courante qui \u00e9tait l\u00e0 et on l'a utilis\u00e9e comme s\u00e9paration entre le haut et le bas en s'assurant de laisser 48\" dans la partie o\u00f9 seront situ\u00e9s les volets.<\/p>\n<p><img decoding=\"async\" class=\"aligncenter size-full wp-image-7458\" src=\"https:\/\/nelidesign.com\/wp-content\/uploads\/2018\/04\/Privacy_screen-21.jpg\" alt=\"Comment cr\u00e9er un \u00e9cran d'intimit\u00e9 ext\u00e9rieur, \u00e9cran de patio, balcon, \u00e9cran ext\u00e9rieur, s\u00e9paration, couper la vue #patio #exterieur\" width=\"860\" height=\"562\" srcset=\"https:\/\/nelidesign.com\/wp-content\/uploads\/2018\/04\/Privacy_screen-21.jpg 860w, https:\/\/nelidesign.com\/wp-content\/uploads\/2018\/04\/Privacy_screen-21-300x196.jpg 300w, https:\/\/nelidesign.com\/wp-content\/uploads\/2018\/04\/Privacy_screen-21-768x502.jpg 768w, https:\/\/nelidesign.com\/wp-content\/uploads\/2018\/04\/Privacy_screen-21-250x163.jpg 250w, https:\/\/nelidesign.com\/wp-content\/uploads\/2018\/04\/Privacy_screen-21-550x359.jpg 550w, https:\/\/nelidesign.com\/wp-content\/uploads\/2018\/04\/Privacy_screen-21-800x523.jpg 800w, https:\/\/nelidesign.com\/wp-content\/uploads\/2018\/04\/Privacy_screen-21-275x180.jpg 275w, https:\/\/nelidesign.com\/wp-content\/uploads\/2018\/04\/Privacy_screen-21-459x300.jpg 459w, https:\/\/nelidesign.com\/wp-content\/uploads\/2018\/04\/Privacy_screen-21-765x500.jpg 765w\" sizes=\"(max-width: 860px) 100vw, 860px\" \/><\/p>\n<p>On a aussi r\u00e9cup\u00e9r\u00e9 les barreaux de la rampe comme moyen de fixation et de finition de la partie basse de l'\u00e9cran d'intimit\u00e9.<\/p>\n<p><img decoding=\"async\" class=\"aligncenter size-full wp-image-7462\" src=\"https:\/\/nelidesign.com\/wp-content\/uploads\/2018\/04\/Privacy_screen-23.jpg\" alt=\"Comment cr\u00e9er un \u00e9cran d'intimit\u00e9 ext\u00e9rieur, \u00e9cran de patio, balcon, \u00e9cran ext\u00e9rieur, s\u00e9paration, couper la vue #patio #exterieur\" width=\"860\" height=\"562\" srcset=\"https:\/\/nelidesign.com\/wp-content\/uploads\/2018\/04\/Privacy_screen-23.jpg 860w, https:\/\/nelidesign.com\/wp-content\/uploads\/2018\/04\/Privacy_screen-23-300x196.jpg 300w, https:\/\/nelidesign.com\/wp-content\/uploads\/2018\/04\/Privacy_screen-23-768x502.jpg 768w, https:\/\/nelidesign.com\/wp-content\/uploads\/2018\/04\/Privacy_screen-23-250x163.jpg 250w, https:\/\/nelidesign.com\/wp-content\/uploads\/2018\/04\/Privacy_screen-23-550x359.jpg 550w, https:\/\/nelidesign.com\/wp-content\/uploads\/2018\/04\/Privacy_screen-23-800x523.jpg 800w, https:\/\/nelidesign.com\/wp-content\/uploads\/2018\/04\/Privacy_screen-23-275x180.jpg 275w, https:\/\/nelidesign.com\/wp-content\/uploads\/2018\/04\/Privacy_screen-23-459x300.jpg 459w, https:\/\/nelidesign.com\/wp-content\/uploads\/2018\/04\/Privacy_screen-23-765x500.jpg 765w\" sizes=\"(max-width: 860px) 100vw, 860px\" \/><\/p>\n<p>Finalement, nous avons install\u00e9 les volets selon les instructions.<\/p>\n<p><img decoding=\"async\" class=\"aligncenter size-full wp-image-7464\" src=\"https:\/\/nelidesign.com\/wp-content\/uploads\/2018\/04\/Privacy_screen-24.jpg\" alt=\"Comment cr\u00e9er un \u00e9cran d'intimit\u00e9 ext\u00e9rieur, \u00e9cran de patio, balcon, \u00e9cran ext\u00e9rieur, s\u00e9paration, couper la vue #patio #exterieur\" width=\"860\" height=\"562\" srcset=\"https:\/\/nelidesign.com\/wp-content\/uploads\/2018\/04\/Privacy_screen-24.jpg 860w, https:\/\/nelidesign.com\/wp-content\/uploads\/2018\/04\/Privacy_screen-24-300x196.jpg 300w, https:\/\/nelidesign.com\/wp-content\/uploads\/2018\/04\/Privacy_screen-24-768x502.jpg 768w, https:\/\/nelidesign.com\/wp-content\/uploads\/2018\/04\/Privacy_screen-24-250x163.jpg 250w, https:\/\/nelidesign.com\/wp-content\/uploads\/2018\/04\/Privacy_screen-24-550x359.jpg 550w, https:\/\/nelidesign.com\/wp-content\/uploads\/2018\/04\/Privacy_screen-24-800x523.jpg 800w, https:\/\/nelidesign.com\/wp-content\/uploads\/2018\/04\/Privacy_screen-24-275x180.jpg 275w, https:\/\/nelidesign.com\/wp-content\/uploads\/2018\/04\/Privacy_screen-24-459x300.jpg 459w, https:\/\/nelidesign.com\/wp-content\/uploads\/2018\/04\/Privacy_screen-24-765x500.jpg 765w\" sizes=\"(max-width: 860px) 100vw, 860px\" \/><\/p>\n<p>Et maintenant, en vrai :<\/p>\n<p><img decoding=\"async\" class=\"aligncenter size-full wp-image-7474\" src=\"https:\/\/nelidesign.com\/wp-content\/uploads\/2018\/04\/Privacy_screen-30.jpg\" alt=\"Comment cr\u00e9er un \u00e9cran d'intimit\u00e9 ext\u00e9rieur, \u00e9cran de patio, balcon, \u00e9cran ext\u00e9rieur, s\u00e9paration, couper la vue #patio #exterieur\" width=\"860\" height=\"565\" srcset=\"https:\/\/nelidesign.com\/wp-content\/uploads\/2018\/04\/Privacy_screen-30.jpg 860w, https:\/\/nelidesign.com\/wp-content\/uploads\/2018\/04\/Privacy_screen-30-300x197.jpg 300w, https:\/\/nelidesign.com\/wp-content\/uploads\/2018\/04\/Privacy_screen-30-768x505.jpg 768w, https:\/\/nelidesign.com\/wp-content\/uploads\/2018\/04\/Privacy_screen-30-250x164.jpg 250w, https:\/\/nelidesign.com\/wp-content\/uploads\/2018\/04\/Privacy_screen-30-550x361.jpg 550w, https:\/\/nelidesign.com\/wp-content\/uploads\/2018\/04\/Privacy_screen-30-800x526.jpg 800w, https:\/\/nelidesign.com\/wp-content\/uploads\/2018\/04\/Privacy_screen-30-274x180.jpg 274w, https:\/\/nelidesign.com\/wp-content\/uploads\/2018\/04\/Privacy_screen-30-457x300.jpg 457w, https:\/\/nelidesign.com\/wp-content\/uploads\/2018\/04\/Privacy_screen-30-761x500.jpg 761w\" sizes=\"(max-width: 860px) 100vw, 860px\" \/><\/p>\n<p>Vu de l'int\u00e9rieur :<\/p>\n<p><img decoding=\"async\" class=\"aligncenter size-full wp-image-7454\" src=\"https:\/\/nelidesign.com\/wp-content\/uploads\/2018\/04\/Privacy_screen-13.jpg\" alt=\"Comment cr\u00e9er un \u00e9cran d'intimit\u00e9 ext\u00e9rieur, \u00e9cran de patio, balcon, \u00e9cran ext\u00e9rieur, s\u00e9paration, couper la vue #patio #exterieur\" width=\"860\" height=\"573\" srcset=\"https:\/\/nelidesign.com\/wp-content\/uploads\/2018\/04\/Privacy_screen-13.jpg 860w, https:\/\/nelidesign.com\/wp-content\/uploads\/2018\/04\/Privacy_screen-13-300x200.jpg 300w, https:\/\/nelidesign.com\/wp-content\/uploads\/2018\/04\/Privacy_screen-13-768x512.jpg 768w, https:\/\/nelidesign.com\/wp-content\/uploads\/2018\/04\/Privacy_screen-13-250x167.jpg 250w, https:\/\/nelidesign.com\/wp-content\/uploads\/2018\/04\/Privacy_screen-13-550x366.jpg 550w, https:\/\/nelidesign.com\/wp-content\/uploads\/2018\/04\/Privacy_screen-13-800x533.jpg 800w, https:\/\/nelidesign.com\/wp-content\/uploads\/2018\/04\/Privacy_screen-13-270x180.jpg 270w, https:\/\/nelidesign.com\/wp-content\/uploads\/2018\/04\/Privacy_screen-13-450x300.jpg 450w, https:\/\/nelidesign.com\/wp-content\/uploads\/2018\/04\/Privacy_screen-13-750x500.jpg 750w\" sizes=\"(max-width: 860px) 100vw, 860px\" \/><\/p>\n<p>La r\u00e9cup\u00e9ration de la main courante et de quelques barreaux fait que les morceaux ne sont pas tous de la m\u00eame couleur. J'arrangerai tout \u00e7a en m\u00eame temps que la peinture de tout le reste!<\/p>\n<p>Comme les volets sont ajustables, \u00e7a nous permet de contr\u00f4ler la quantit\u00e9 de lumi\u00e8re qui rentre, en particulier en fin de journ\u00e9e, comme sur cette photo.<\/p>\n<p><img decoding=\"async\" class=\"aligncenter size-full wp-image-7450\" src=\"https:\/\/nelidesign.com\/wp-content\/uploads\/2018\/04\/Privacy_screen-11.jpg\" alt=\"Comment cr\u00e9er un \u00e9cran d'intimit\u00e9 ext\u00e9rieur, \u00e9cran de patio, balcon, \u00e9cran ext\u00e9rieur, s\u00e9paration, couper la vue #patio #exterieur\" width=\"860\" height=\"573\" srcset=\"https:\/\/nelidesign.com\/wp-content\/uploads\/2018\/04\/Privacy_screen-11.jpg 860w, https:\/\/nelidesign.com\/wp-content\/uploads\/2018\/04\/Privacy_screen-11-300x200.jpg 300w, https:\/\/nelidesign.com\/wp-content\/uploads\/2018\/04\/Privacy_screen-11-768x512.jpg 768w, https:\/\/nelidesign.com\/wp-content\/uploads\/2018\/04\/Privacy_screen-11-250x167.jpg 250w, https:\/\/nelidesign.com\/wp-content\/uploads\/2018\/04\/Privacy_screen-11-550x366.jpg 550w, https:\/\/nelidesign.com\/wp-content\/uploads\/2018\/04\/Privacy_screen-11-800x533.jpg 800w, https:\/\/nelidesign.com\/wp-content\/uploads\/2018\/04\/Privacy_screen-11-270x180.jpg 270w, https:\/\/nelidesign.com\/wp-content\/uploads\/2018\/04\/Privacy_screen-11-450x300.jpg 450w, https:\/\/nelidesign.com\/wp-content\/uploads\/2018\/04\/Privacy_screen-11-750x500.jpg 750w\" sizes=\"(max-width: 860px) 100vw, 860px\" \/><\/p>\n<p>En plus, les persiennes permettent de couper le vent qui vient souvent de ce c\u00f4t\u00e9 et en fin de journ\u00e9e sans compter la pluie qui arrive toujours aussi de ce c\u00f4t\u00e9! Le fait d'avoir fait 3 sections offre aussi plus de flexibilit\u00e9.<\/p>\n<p><img decoding=\"async\" class=\"aligncenter size-full wp-image-7448\" src=\"https:\/\/nelidesign.com\/wp-content\/uploads\/2018\/04\/Privacy_screen-10.jpg\" alt=\"Comment cr\u00e9er un \u00e9cran d'intimit\u00e9 ext\u00e9rieur, \u00e9cran de patio, balcon, \u00e9cran ext\u00e9rieur, s\u00e9paration, couper la vue #patio #exterieur\" width=\"860\" height=\"573\" srcset=\"https:\/\/nelidesign.com\/wp-content\/uploads\/2018\/04\/Privacy_screen-10.jpg 860w, https:\/\/nelidesign.com\/wp-content\/uploads\/2018\/04\/Privacy_screen-10-300x200.jpg 300w, https:\/\/nelidesign.com\/wp-content\/uploads\/2018\/04\/Privacy_screen-10-768x512.jpg 768w, https:\/\/nelidesign.com\/wp-content\/uploads\/2018\/04\/Privacy_screen-10-250x167.jpg 250w, https:\/\/nelidesign.com\/wp-content\/uploads\/2018\/04\/Privacy_screen-10-550x366.jpg 550w, https:\/\/nelidesign.com\/wp-content\/uploads\/2018\/04\/Privacy_screen-10-800x533.jpg 800w, https:\/\/nelidesign.com\/wp-content\/uploads\/2018\/04\/Privacy_screen-10-270x180.jpg 270w, https:\/\/nelidesign.com\/wp-content\/uploads\/2018\/04\/Privacy_screen-10-450x300.jpg 450w, https:\/\/nelidesign.com\/wp-content\/uploads\/2018\/04\/Privacy_screen-10-750x500.jpg 750w\" sizes=\"(max-width: 860px) 100vw, 860px\" \/><\/p>\n<p>Ce simple \u00e9cran d'intimit\u00e9 a augment\u00e9 l'utilisation de notre terrasse de fa\u00e7on exponentielle. Maintenant, je r\u00eave d'y ajouter une banquette juste l\u00e0\u2026<\/p>\n<p><img decoding=\"async\" class=\"aligncenter size-full wp-image-7472\" src=\"https:\/\/nelidesign.com\/wp-content\/uploads\/2018\/04\/Privacy_screen-12-2.jpg\" alt=\"Comment cr\u00e9er un \u00e9cran d'intimit\u00e9 ext\u00e9rieur, \u00e9cran de patio, balcon, \u00e9cran ext\u00e9rieur, s\u00e9paration, couper la vue #patio #exterieur\" width=\"860\" height=\"573\" srcset=\"https:\/\/nelidesign.com\/wp-content\/uploads\/2018\/04\/Privacy_screen-12-2.jpg 860w, https:\/\/nelidesign.com\/wp-content\/uploads\/2018\/04\/Privacy_screen-12-2-300x200.jpg 300w, https:\/\/nelidesign.com\/wp-content\/uploads\/2018\/04\/Privacy_screen-12-2-768x512.jpg 768w, https:\/\/nelidesign.com\/wp-content\/uploads\/2018\/04\/Privacy_screen-12-2-250x167.jpg 250w, https:\/\/nelidesign.com\/wp-content\/uploads\/2018\/04\/Privacy_screen-12-2-550x366.jpg 550w, https:\/\/nelidesign.com\/wp-content\/uploads\/2018\/04\/Privacy_screen-12-2-800x533.jpg 800w, https:\/\/nelidesign.com\/wp-content\/uploads\/2018\/04\/Privacy_screen-12-2-270x180.jpg 270w, https:\/\/nelidesign.com\/wp-content\/uploads\/2018\/04\/Privacy_screen-12-2-450x300.jpg 450w, https:\/\/nelidesign.com\/wp-content\/uploads\/2018\/04\/Privacy_screen-12-2-750x500.jpg 750w\" sizes=\"(max-width: 860px) 100vw, 860px\" \/><\/p>\n<p>Visualisez-vous la m\u00eame chose que moi? \u2026 \u00e0 suivre cet \u00e9t\u00e9 peut-\u00eatre! \ud83d\ude09<\/p>\n<p>MISE \u00c0 JOUR: Je l'ai fait! \ud83d\ude0a Pour voir le r\u00e9sultat du banc modulaire avec rangement, <a href=\"https:\/\/nelidesign.com\/fr\/fabriquer-un-banc-modulaire-exterieur-avec-rangement\/\">cliquez ici<\/a>!<\/p>\n<p>\u00a0<\/p>\n\n\n<h2 class=\"wp-block-heading\">Pour ne rien manquer, inscrivez-vous!<\/h2>\n\n\n\n<figure class=\"wp-block-image\"><a href=\"https:\/\/nelidesign.com\/fr\/landing-page-francais\/\" target=\"_blank\" rel=\"noreferrer noopener\"><img decoding=\"async\" width=\"860\" height=\"400\" src=\"https:\/\/nelidesign.com\/wp-content\/uploads\/2018\/04\/General_form_FR.jpg\" alt=\"\" class=\"wp-image-10473\" srcset=\"https:\/\/nelidesign.com\/wp-content\/uploads\/2018\/04\/General_form_FR.jpg 860w, https:\/\/nelidesign.com\/wp-content\/uploads\/2018\/04\/General_form_FR-300x140.jpg 300w, https:\/\/nelidesign.com\/wp-content\/uploads\/2018\/04\/General_form_FR-768x357.jpg 768w, https:\/\/nelidesign.com\/wp-content\/uploads\/2018\/04\/General_form_FR-250x116.jpg 250w, https:\/\/nelidesign.com\/wp-content\/uploads\/2018\/04\/General_form_FR-550x256.jpg 550w, https:\/\/nelidesign.com\/wp-content\/uploads\/2018\/04\/General_form_FR-800x372.jpg 800w, https:\/\/nelidesign.com\/wp-content\/uploads\/2018\/04\/General_form_FR-387x180.jpg 387w, https:\/\/nelidesign.com\/wp-content\/uploads\/2018\/04\/General_form_FR-645x300.jpg 645w\" sizes=\"(max-width: 860px) 100vw, 860px\" \/><\/a><\/figure>\n\n\n\n\n\n<h2 class=\"wp-block-heading\">PS: \u00c9pinglez cette image pour ne pas l'oublier! <\/h2>\n\n\n\n<div class=\"wp-block-image\"><figure class=\"aligncenter\"><img decoding=\"async\" width=\"600\" height=\"900\" src=\"https:\/\/nelidesign.com\/wp-content\/uploads\/2019\/03\/\u00c9cran-intimit\u00e9-terrasse.jpg\" alt=\"Voyez comment faire ce simple \u00e9cran d'intimit\u00e9 pour votre patio ou terrasse. Les volets vous permettent de choisir le niveau d'intimit\u00e9. C'est facile \u00e0 construire.\" class=\"wp-image-10475\" srcset=\"https:\/\/nelidesign.com\/wp-content\/uploads\/2019\/03\/\u00c9cran-intimit\u00e9-terrasse.jpg 600w, https:\/\/nelidesign.com\/wp-content\/uploads\/2019\/03\/\u00c9cran-intimit\u00e9-terrasse-200x300.jpg 200w, https:\/\/nelidesign.com\/wp-content\/uploads\/2019\/03\/\u00c9cran-intimit\u00e9-terrasse-250x375.jpg 250w, https:\/\/nelidesign.com\/wp-content\/uploads\/2019\/03\/\u00c9cran-intimit\u00e9-terrasse-550x825.jpg 550w, https:\/\/nelidesign.com\/wp-content\/uploads\/2019\/03\/\u00c9cran-intimit\u00e9-terrasse-120x180.jpg 120w, https:\/\/nelidesign.com\/wp-content\/uploads\/2019\/03\/\u00c9cran-intimit\u00e9-terrasse-333x500.jpg 333w\" sizes=\"(max-width: 600px) 100vw, 600px\" \/><\/figure><\/div>\n\n\n\n<div class=\"wp-block-image\"><figure class=\"aligncenter\"><img decoding=\"async\" width=\"600\" height=\"900\" src=\"https:\/\/nelidesign.com\/wp-content\/uploads\/2018\/04\/Pinterest_privacy_screen_pin_FR.jpg\" alt=\"Comment cr\u00e9er un \u00e9cran d'intimit\u00e9 ext\u00e9rieur, \u00e9cran de patio, balcon, \u00e9cran ext\u00e9rieur, s\u00e9paration, couper la vue #patio #exterieur\" class=\"wp-image-7483\" srcset=\"https:\/\/nelidesign.com\/wp-content\/uploads\/2018\/04\/Pinterest_privacy_screen_pin_FR.jpg 600w, https:\/\/nelidesign.com\/wp-content\/uploads\/2018\/04\/Pinterest_privacy_screen_pin_FR-200x300.jpg 200w, https:\/\/nelidesign.com\/wp-content\/uploads\/2018\/04\/Pinterest_privacy_screen_pin_FR-300x450.jpg 300w, https:\/\/nelidesign.com\/wp-content\/uploads\/2018\/04\/Pinterest_privacy_screen_pin_FR-250x375.jpg 250w, https:\/\/nelidesign.com\/wp-content\/uploads\/2018\/04\/Pinterest_privacy_screen_pin_FR-550x825.jpg 550w, https:\/\/nelidesign.com\/wp-content\/uploads\/2018\/04\/Pinterest_privacy_screen_pin_FR-120x180.jpg 120w, https:\/\/nelidesign.com\/wp-content\/uploads\/2018\/04\/Pinterest_privacy_screen_pin_FR-333x500.jpg 333w\" sizes=\"(max-width: 600px) 100vw, 600px\" \/><\/figure><\/div>\n","protected":false},"excerpt":{"rendered":"<p>[wc_box color=\"inverse\" text_align=\"center\" margin_top=\"\" margin_bottom=\"\" class=\"\"]Un \u00e9cran d'intimit\u00e9 ext\u00e9rieur est souvent indispensable lorsqu'on habite en ville, les voisins \u00e9tant beaucoup plus proches qu'on le souhaiterait! Voyez comment j'ai solutionn\u00e9 cette probl\u00e9matique en cr\u00e9ant un mur ajustable selon les besoins.[\/wc_box] Quoi de plus plaisant, une fois le beau temps arriv\u00e9, que de prendre les repas dehors [&hellip;]<\/p>\n","protected":false},"author":1,"featured_media":7485,"comment_status":"open","ping_status":"open","sticky":false,"template":"","format":"standard","meta":{"_genesis_hide_title":false,"_genesis_hide_breadcrumbs":false,"_genesis_hide_singular_image":false,"_genesis_hide_footer_widgets":false,"_genesis_custom_body_class":"","_genesis_custom_post_class":"","_genesis_layout":"","footnotes":""},"categories":[153,154],"tags":[113],"holidays":[],"class_list":{"0":"post-7430","1":"post","2":"type-post","3":"status-publish","4":"format-standard","5":"has-post-thumbnail","7":"category-deco","8":"category-organisation","9":"tag-pour-la-maison-fr","10":"entry"},"yoast_head":"<!-- This site is optimized with the Yoast SEO plugin v27.4 - https:\/\/yoast.com\/product\/yoast-seo-wordpress\/ -->\n<title>Comment cr\u00e9er un \u00e9cran d&#039;intimit\u00e9 ext\u00e9rieur - NeliDesign<\/title>\n<meta name=\"description\" content=\"Un \u00e9cran d&#039;intimit\u00e9 ext\u00e9rieur est souvent indispensable lorsqu&#039;on habite en ville, les voisins \u00e9tant beaucoup plus proches qu&#039;on le souhaiterait! Voyez comment j&#039;ai solutionn\u00e9 cette probl\u00e9matique en cr\u00e9ant un mur ajustable selon les besoins.\" \/>\n<meta name=\"robots\" content=\"index, follow, max-snippet:-1, max-image-preview:large, max-video-preview:-1\" \/>\n<link rel=\"canonical\" href=\"https:\/\/nelidesign.com\/fr\/creer-un-ecran-dintimite-pour-la-terrasse\/\" \/>\n<meta property=\"og:locale\" content=\"fr_FR\" \/>\n<meta property=\"og:type\" content=\"article\" \/>\n<meta property=\"og:title\" content=\"Comment cr\u00e9er un \u00e9cran d&#039;intimit\u00e9 ext\u00e9rieur - NeliDesign\" \/>\n<meta property=\"og:description\" content=\"Un \u00e9cran d&#039;intimit\u00e9 ext\u00e9rieur est souvent indispensable lorsqu&#039;on habite en ville, les voisins \u00e9tant beaucoup plus proches qu&#039;on le souhaiterait! Voyez comment j&#039;ai solutionn\u00e9 cette probl\u00e9matique en cr\u00e9ant un mur ajustable selon les besoins.\" \/>\n<meta property=\"og:url\" content=\"https:\/\/nelidesign.com\/fr\/creer-un-ecran-dintimite-pour-la-terrasse\/\" \/>\n<meta property=\"og:site_name\" content=\"NeliDesign\" \/>\n<meta property=\"article:publisher\" content=\"https:\/\/www.facebook.com\/Natalie.NeliDesign\/\" \/>\n<meta property=\"article:author\" content=\"https:\/\/www.facebook.com\/Natalie.NeliDesign\/\" \/>\n<meta property=\"article:published_time\" content=\"2018-04-23T19:49:28+00:00\" \/>\n<meta property=\"article:modified_time\" content=\"2019-03-10T21:12:47+00:00\" \/>\n<meta property=\"og:image\" content=\"https:\/\/nelidesign.com\/wp-content\/uploads\/2018\/04\/Featured_privacy_screen.jpg\" \/>\n\t<meta property=\"og:image:width\" content=\"1200\" \/>\n\t<meta property=\"og:image:height\" content=\"788\" \/>\n\t<meta property=\"og:image:type\" content=\"image\/jpeg\" \/>\n<meta name=\"author\" content=\"Natalie\" \/>\n<meta name=\"twitter:card\" content=\"summary_large_image\" \/>\n<meta name=\"twitter:creator\" content=\"@nelidesign\" \/>\n<meta name=\"twitter:site\" content=\"@nelidesign\" \/>\n<meta name=\"twitter:label1\" content=\"\u00c9crit par\" \/>\n\t<meta name=\"twitter:data1\" content=\"Natalie\" \/>\n\t<meta name=\"twitter:label2\" content=\"Dur\u00e9e de lecture estim\u00e9e\" \/>\n\t<meta name=\"twitter:data2\" content=\"4 minutes\" \/>\n<script type=\"application\/ld+json\" class=\"yoast-schema-graph\">{\"@context\":\"https:\\\/\\\/schema.org\",\"@graph\":[{\"@type\":\"Article\",\"@id\":\"https:\\\/\\\/nelidesign.com\\\/fr\\\/creer-un-ecran-dintimite-pour-la-terrasse\\\/#article\",\"isPartOf\":{\"@id\":\"https:\\\/\\\/nelidesign.com\\\/fr\\\/creer-un-ecran-dintimite-pour-la-terrasse\\\/\"},\"author\":{\"name\":\"Natalie\",\"@id\":\"https:\\\/\\\/nelidesign.com\\\/fr\\\/#\\\/schema\\\/person\\\/07194ebfb7711949a8cdd1a9da087cdd\"},\"headline\":\"Comment cr\u00e9er un \u00e9cran d'intimit\u00e9 ext\u00e9rieur\",\"datePublished\":\"2018-04-23T19:49:28+00:00\",\"dateModified\":\"2019-03-10T21:12:47+00:00\",\"mainEntityOfPage\":{\"@id\":\"https:\\\/\\\/nelidesign.com\\\/fr\\\/creer-un-ecran-dintimite-pour-la-terrasse\\\/\"},\"wordCount\":780,\"commentCount\":0,\"publisher\":{\"@id\":\"https:\\\/\\\/nelidesign.com\\\/fr\\\/#\\\/schema\\\/person\\\/07194ebfb7711949a8cdd1a9da087cdd\"},\"image\":{\"@id\":\"https:\\\/\\\/nelidesign.com\\\/fr\\\/creer-un-ecran-dintimite-pour-la-terrasse\\\/#primaryimage\"},\"thumbnailUrl\":\"https:\\\/\\\/nelidesign.com\\\/wp-content\\\/uploads\\\/2018\\\/04\\\/Featured_privacy_screen.jpg\",\"keywords\":[\"Pour la maison\"],\"articleSection\":[\"D\u00e9co\",\"Organisation\"],\"inLanguage\":\"fr-FR\",\"potentialAction\":[{\"@type\":\"CommentAction\",\"name\":\"Comment\",\"target\":[\"https:\\\/\\\/nelidesign.com\\\/fr\\\/creer-un-ecran-dintimite-pour-la-terrasse\\\/#respond\"]}]},{\"@type\":\"WebPage\",\"@id\":\"https:\\\/\\\/nelidesign.com\\\/fr\\\/creer-un-ecran-dintimite-pour-la-terrasse\\\/\",\"url\":\"https:\\\/\\\/nelidesign.com\\\/fr\\\/creer-un-ecran-dintimite-pour-la-terrasse\\\/\",\"name\":\"Comment cr\u00e9er un \u00e9cran d'intimit\u00e9 ext\u00e9rieur - NeliDesign\",\"isPartOf\":{\"@id\":\"https:\\\/\\\/nelidesign.com\\\/fr\\\/#website\"},\"primaryImageOfPage\":{\"@id\":\"https:\\\/\\\/nelidesign.com\\\/fr\\\/creer-un-ecran-dintimite-pour-la-terrasse\\\/#primaryimage\"},\"image\":{\"@id\":\"https:\\\/\\\/nelidesign.com\\\/fr\\\/creer-un-ecran-dintimite-pour-la-terrasse\\\/#primaryimage\"},\"thumbnailUrl\":\"https:\\\/\\\/nelidesign.com\\\/wp-content\\\/uploads\\\/2018\\\/04\\\/Featured_privacy_screen.jpg\",\"datePublished\":\"2018-04-23T19:49:28+00:00\",\"dateModified\":\"2019-03-10T21:12:47+00:00\",\"description\":\"Un \u00e9cran d'intimit\u00e9 ext\u00e9rieur est souvent indispensable lorsqu'on habite en ville, les voisins \u00e9tant beaucoup plus proches qu'on le souhaiterait! Voyez comment j'ai solutionn\u00e9 cette probl\u00e9matique en cr\u00e9ant un mur ajustable selon les besoins.\",\"breadcrumb\":{\"@id\":\"https:\\\/\\\/nelidesign.com\\\/fr\\\/creer-un-ecran-dintimite-pour-la-terrasse\\\/#breadcrumb\"},\"inLanguage\":\"fr-FR\",\"potentialAction\":[{\"@type\":\"ReadAction\",\"target\":[\"https:\\\/\\\/nelidesign.com\\\/fr\\\/creer-un-ecran-dintimite-pour-la-terrasse\\\/\"]}]},{\"@type\":\"ImageObject\",\"inLanguage\":\"fr-FR\",\"@id\":\"https:\\\/\\\/nelidesign.com\\\/fr\\\/creer-un-ecran-dintimite-pour-la-terrasse\\\/#primaryimage\",\"url\":\"https:\\\/\\\/nelidesign.com\\\/wp-content\\\/uploads\\\/2018\\\/04\\\/Featured_privacy_screen.jpg\",\"contentUrl\":\"https:\\\/\\\/nelidesign.com\\\/wp-content\\\/uploads\\\/2018\\\/04\\\/Featured_privacy_screen.jpg\",\"width\":1200,\"height\":788},{\"@type\":\"BreadcrumbList\",\"@id\":\"https:\\\/\\\/nelidesign.com\\\/fr\\\/creer-un-ecran-dintimite-pour-la-terrasse\\\/#breadcrumb\",\"itemListElement\":[{\"@type\":\"ListItem\",\"position\":1,\"name\":\"Home\",\"item\":\"https:\\\/\\\/nelidesign.com\\\/fr\\\/\"},{\"@type\":\"ListItem\",\"position\":2,\"name\":\"D\u00e9co\",\"item\":\"https:\\\/\\\/nelidesign.com\\\/fr\\\/category\\\/deco\\\/\"},{\"@type\":\"ListItem\",\"position\":3,\"name\":\"Comment cr\u00e9er un \u00e9cran d'intimit\u00e9 ext\u00e9rieur\"}]},{\"@type\":\"WebSite\",\"@id\":\"https:\\\/\\\/nelidesign.com\\\/fr\\\/#website\",\"url\":\"https:\\\/\\\/nelidesign.com\\\/fr\\\/\",\"name\":\"NeliDesign\",\"description\":\"Projets cr\u00e9atifs pour une d\u00e9co qui vous plait\",\"publisher\":{\"@id\":\"https:\\\/\\\/nelidesign.com\\\/fr\\\/#\\\/schema\\\/person\\\/07194ebfb7711949a8cdd1a9da087cdd\"},\"potentialAction\":[{\"@type\":\"SearchAction\",\"target\":{\"@type\":\"EntryPoint\",\"urlTemplate\":\"https:\\\/\\\/nelidesign.com\\\/fr\\\/?s={search_term_string}\"},\"query-input\":{\"@type\":\"PropertyValueSpecification\",\"valueRequired\":true,\"valueName\":\"search_term_string\"}}],\"inLanguage\":\"fr-FR\"},{\"@type\":[\"Person\",\"Organization\"],\"@id\":\"https:\\\/\\\/nelidesign.com\\\/fr\\\/#\\\/schema\\\/person\\\/07194ebfb7711949a8cdd1a9da087cdd\",\"name\":\"Natalie\",\"image\":{\"@type\":\"ImageObject\",\"inLanguage\":\"fr-FR\",\"@id\":\"https:\\\/\\\/nelidesign.com\\\/wp-content\\\/uploads\\\/2021\\\/10\\\/Natalie2021-1.jpg\",\"url\":\"https:\\\/\\\/nelidesign.com\\\/wp-content\\\/uploads\\\/2021\\\/10\\\/Natalie2021-1.jpg\",\"contentUrl\":\"https:\\\/\\\/nelidesign.com\\\/wp-content\\\/uploads\\\/2021\\\/10\\\/Natalie2021-1.jpg\",\"width\":350,\"height\":500,\"caption\":\"Natalie\"},\"logo\":{\"@id\":\"https:\\\/\\\/nelidesign.com\\\/wp-content\\\/uploads\\\/2021\\\/10\\\/Natalie2021-1.jpg\"},\"sameAs\":[\"https:\\\/\\\/nelidesign.com\\\/about-me2\\\/\",\"https:\\\/\\\/www.facebook.com\\\/Natalie.NeliDesign\\\/\",\"https:\\\/\\\/www.instagram.com\\\/Natalie.NeliDesign\\\/\",\"https:\\\/\\\/www.pinterest.com\\\/nelidesign\\\/\",\"https:\\\/\\\/www.youtube.com\\\/nelidesign\"]}]}<\/script>\n<!-- \/ Yoast SEO plugin. -->","yoast_head_json":{"title":"Comment cr\u00e9er un \u00e9cran d'intimit\u00e9 ext\u00e9rieur - NeliDesign","description":"Un \u00e9cran d'intimit\u00e9 ext\u00e9rieur est souvent indispensable lorsqu'on habite en ville, les voisins \u00e9tant beaucoup plus proches qu'on le souhaiterait! Voyez comment j'ai solutionn\u00e9 cette probl\u00e9matique en cr\u00e9ant un mur ajustable selon les besoins.","robots":{"index":"index","follow":"follow","max-snippet":"max-snippet:-1","max-image-preview":"max-image-preview:large","max-video-preview":"max-video-preview:-1"},"canonical":"https:\/\/nelidesign.com\/fr\/creer-un-ecran-dintimite-pour-la-terrasse\/","og_locale":"fr_FR","og_type":"article","og_title":"Comment cr\u00e9er un \u00e9cran d'intimit\u00e9 ext\u00e9rieur - NeliDesign","og_description":"Un \u00e9cran d'intimit\u00e9 ext\u00e9rieur est souvent indispensable lorsqu'on habite en ville, les voisins \u00e9tant beaucoup plus proches qu'on le souhaiterait! Voyez comment j'ai solutionn\u00e9 cette probl\u00e9matique en cr\u00e9ant un mur ajustable selon les besoins.","og_url":"https:\/\/nelidesign.com\/fr\/creer-un-ecran-dintimite-pour-la-terrasse\/","og_site_name":"NeliDesign","article_publisher":"https:\/\/www.facebook.com\/Natalie.NeliDesign\/","article_author":"https:\/\/www.facebook.com\/Natalie.NeliDesign\/","article_published_time":"2018-04-23T19:49:28+00:00","article_modified_time":"2019-03-10T21:12:47+00:00","og_image":[{"width":1200,"height":788,"url":"https:\/\/nelidesign.com\/wp-content\/uploads\/2018\/04\/Featured_privacy_screen.jpg","type":"image\/jpeg"}],"author":"Natalie","twitter_card":"summary_large_image","twitter_creator":"@nelidesign","twitter_site":"@nelidesign","twitter_misc":{"\u00c9crit par":"Natalie","Dur\u00e9e de lecture estim\u00e9e":"4 minutes"},"schema":{"@context":"https:\/\/schema.org","@graph":[{"@type":"Article","@id":"https:\/\/nelidesign.com\/fr\/creer-un-ecran-dintimite-pour-la-terrasse\/#article","isPartOf":{"@id":"https:\/\/nelidesign.com\/fr\/creer-un-ecran-dintimite-pour-la-terrasse\/"},"author":{"name":"Natalie","@id":"https:\/\/nelidesign.com\/fr\/#\/schema\/person\/07194ebfb7711949a8cdd1a9da087cdd"},"headline":"Comment cr\u00e9er un \u00e9cran d'intimit\u00e9 ext\u00e9rieur","datePublished":"2018-04-23T19:49:28+00:00","dateModified":"2019-03-10T21:12:47+00:00","mainEntityOfPage":{"@id":"https:\/\/nelidesign.com\/fr\/creer-un-ecran-dintimite-pour-la-terrasse\/"},"wordCount":780,"commentCount":0,"publisher":{"@id":"https:\/\/nelidesign.com\/fr\/#\/schema\/person\/07194ebfb7711949a8cdd1a9da087cdd"},"image":{"@id":"https:\/\/nelidesign.com\/fr\/creer-un-ecran-dintimite-pour-la-terrasse\/#primaryimage"},"thumbnailUrl":"https:\/\/nelidesign.com\/wp-content\/uploads\/2018\/04\/Featured_privacy_screen.jpg","keywords":["Pour la maison"],"articleSection":["D\u00e9co","Organisation"],"inLanguage":"fr-FR","potentialAction":[{"@type":"CommentAction","name":"Comment","target":["https:\/\/nelidesign.com\/fr\/creer-un-ecran-dintimite-pour-la-terrasse\/#respond"]}]},{"@type":"WebPage","@id":"https:\/\/nelidesign.com\/fr\/creer-un-ecran-dintimite-pour-la-terrasse\/","url":"https:\/\/nelidesign.com\/fr\/creer-un-ecran-dintimite-pour-la-terrasse\/","name":"Comment cr\u00e9er un \u00e9cran d'intimit\u00e9 ext\u00e9rieur - NeliDesign","isPartOf":{"@id":"https:\/\/nelidesign.com\/fr\/#website"},"primaryImageOfPage":{"@id":"https:\/\/nelidesign.com\/fr\/creer-un-ecran-dintimite-pour-la-terrasse\/#primaryimage"},"image":{"@id":"https:\/\/nelidesign.com\/fr\/creer-un-ecran-dintimite-pour-la-terrasse\/#primaryimage"},"thumbnailUrl":"https:\/\/nelidesign.com\/wp-content\/uploads\/2018\/04\/Featured_privacy_screen.jpg","datePublished":"2018-04-23T19:49:28+00:00","dateModified":"2019-03-10T21:12:47+00:00","description":"Un \u00e9cran d'intimit\u00e9 ext\u00e9rieur est souvent indispensable lorsqu'on habite en ville, les voisins \u00e9tant beaucoup plus proches qu'on le souhaiterait! Voyez comment j'ai solutionn\u00e9 cette probl\u00e9matique en cr\u00e9ant un mur ajustable selon les besoins.","breadcrumb":{"@id":"https:\/\/nelidesign.com\/fr\/creer-un-ecran-dintimite-pour-la-terrasse\/#breadcrumb"},"inLanguage":"fr-FR","potentialAction":[{"@type":"ReadAction","target":["https:\/\/nelidesign.com\/fr\/creer-un-ecran-dintimite-pour-la-terrasse\/"]}]},{"@type":"ImageObject","inLanguage":"fr-FR","@id":"https:\/\/nelidesign.com\/fr\/creer-un-ecran-dintimite-pour-la-terrasse\/#primaryimage","url":"https:\/\/nelidesign.com\/wp-content\/uploads\/2018\/04\/Featured_privacy_screen.jpg","contentUrl":"https:\/\/nelidesign.com\/wp-content\/uploads\/2018\/04\/Featured_privacy_screen.jpg","width":1200,"height":788},{"@type":"BreadcrumbList","@id":"https:\/\/nelidesign.com\/fr\/creer-un-ecran-dintimite-pour-la-terrasse\/#breadcrumb","itemListElement":[{"@type":"ListItem","position":1,"name":"Home","item":"https:\/\/nelidesign.com\/fr\/"},{"@type":"ListItem","position":2,"name":"D\u00e9co","item":"https:\/\/nelidesign.com\/fr\/category\/deco\/"},{"@type":"ListItem","position":3,"name":"Comment cr\u00e9er un \u00e9cran d'intimit\u00e9 ext\u00e9rieur"}]},{"@type":"WebSite","@id":"https:\/\/nelidesign.com\/fr\/#website","url":"https:\/\/nelidesign.com\/fr\/","name":"NeliDesign","description":"Projets cr\u00e9atifs pour une d\u00e9co qui vous plait","publisher":{"@id":"https:\/\/nelidesign.com\/fr\/#\/schema\/person\/07194ebfb7711949a8cdd1a9da087cdd"},"potentialAction":[{"@type":"SearchAction","target":{"@type":"EntryPoint","urlTemplate":"https:\/\/nelidesign.com\/fr\/?s={search_term_string}"},"query-input":{"@type":"PropertyValueSpecification","valueRequired":true,"valueName":"search_term_string"}}],"inLanguage":"fr-FR"},{"@type":["Person","Organization"],"@id":"https:\/\/nelidesign.com\/fr\/#\/schema\/person\/07194ebfb7711949a8cdd1a9da087cdd","name":"Natalie","image":{"@type":"ImageObject","inLanguage":"fr-FR","@id":"https:\/\/nelidesign.com\/wp-content\/uploads\/2021\/10\/Natalie2021-1.jpg","url":"https:\/\/nelidesign.com\/wp-content\/uploads\/2021\/10\/Natalie2021-1.jpg","contentUrl":"https:\/\/nelidesign.com\/wp-content\/uploads\/2021\/10\/Natalie2021-1.jpg","width":350,"height":500,"caption":"Natalie"},"logo":{"@id":"https:\/\/nelidesign.com\/wp-content\/uploads\/2021\/10\/Natalie2021-1.jpg"},"sameAs":["https:\/\/nelidesign.com\/about-me2\/","https:\/\/www.facebook.com\/Natalie.NeliDesign\/","https:\/\/www.instagram.com\/Natalie.NeliDesign\/","https:\/\/www.pinterest.com\/nelidesign\/","https:\/\/www.youtube.com\/nelidesign"]}]}},"featured_image_src":"https:\/\/nelidesign.com\/wp-content\/uploads\/2018\/04\/Featured_privacy_screen-600x400.jpg","featured_image_src_square":"https:\/\/nelidesign.com\/wp-content\/uploads\/2018\/04\/Featured_privacy_screen-600x600.jpg","author_info":{"display_name":"Natalie","author_link":"https:\/\/nelidesign.com\/fr\/author\/natalie-desrochers\/"},"_links":{"self":[{"href":"https:\/\/nelidesign.com\/fr\/wp-json\/wp\/v2\/posts\/7430","targetHints":{"allow":["GET"]}}],"collection":[{"href":"https:\/\/nelidesign.com\/fr\/wp-json\/wp\/v2\/posts"}],"about":[{"href":"https:\/\/nelidesign.com\/fr\/wp-json\/wp\/v2\/types\/post"}],"author":[{"embeddable":true,"href":"https:\/\/nelidesign.com\/fr\/wp-json\/wp\/v2\/users\/1"}],"replies":[{"embeddable":true,"href":"https:\/\/nelidesign.com\/fr\/wp-json\/wp\/v2\/comments?post=7430"}],"version-history":[{"count":1,"href":"https:\/\/nelidesign.com\/fr\/wp-json\/wp\/v2\/posts\/7430\/revisions"}],"predecessor-version":[{"id":10523,"href":"https:\/\/nelidesign.com\/fr\/wp-json\/wp\/v2\/posts\/7430\/revisions\/10523"}],"wp:featuredmedia":[{"embeddable":true,"href":"https:\/\/nelidesign.com\/fr\/wp-json\/wp\/v2\/media\/7485"}],"wp:attachment":[{"href":"https:\/\/nelidesign.com\/fr\/wp-json\/wp\/v2\/media?parent=7430"}],"wp:term":[{"taxonomy":"category","embeddable":true,"href":"https:\/\/nelidesign.com\/fr\/wp-json\/wp\/v2\/categories?post=7430"},{"taxonomy":"post_tag","embeddable":true,"href":"https:\/\/nelidesign.com\/fr\/wp-json\/wp\/v2\/tags?post=7430"},{"taxonomy":"holidays","embeddable":true,"href":"https:\/\/nelidesign.com\/fr\/wp-json\/wp\/v2\/holidays?post=7430"}],"curies":[{"name":"wp","href":"https:\/\/api.w.org\/{rel}","templated":true}]}} 