{"id":6026,"date":"2017-10-06T13:50:02","date_gmt":"2017-10-06T17:50:02","guid":{"rendered":"https:\/\/nelidesign.com\/cadre-unique-pour-exposer-ses-photos\/"},"modified":"2018-09-29T13:52:14","modified_gmt":"2018-09-29T17:52:14","slug":"cadre-unique-pour-exposer-ses-photos","status":"publish","type":"post","link":"https:\/\/nelidesign.com\/fr\/cadre-unique-pour-exposer-ses-photos\/","title":{"rendered":"Cadre unique pour exposer ses photos"},"content":{"rendered":"<p>Le d\u00e9fi du <a href=\"https:\/\/www.lemonslavenderandlaundry.com\/100-room-challenge\/\" target=\"_blank\" rel=\"noopener\">$100 Room Challenge<\/a> est bel et bien termin\u00e9, mais je vous avait quand m\u00eame promis une publication concernant la r\u00e9alisation de ce cadre.<\/p>\n<p><img decoding=\"async\" fetchpriority=\"high\" class=\"aligncenter size-full wp-image-4343\" src=\"https:\/\/nelidesign.com\/wp-content\/uploads\/2017\/10\/Frame-photos-22.jpg\" alt=\"DIY Frame hang Photos string art Pictures watercolor Instax mini stencil souvenirs cadre photographies aquarelle pochoir ficelles\" width=\"800\" height=\"657\" srcset=\"https:\/\/nelidesign.com\/wp-content\/uploads\/2017\/10\/Frame-photos-22.jpg 800w, https:\/\/nelidesign.com\/wp-content\/uploads\/2017\/10\/Frame-photos-22-768x631.jpg 768w, https:\/\/nelidesign.com\/wp-content\/uploads\/2017\/10\/Frame-photos-22-250x205.jpg 250w, https:\/\/nelidesign.com\/wp-content\/uploads\/2017\/10\/Frame-photos-22-550x452.jpg 550w, https:\/\/nelidesign.com\/wp-content\/uploads\/2017\/10\/Frame-photos-22-219x180.jpg 219w, https:\/\/nelidesign.com\/wp-content\/uploads\/2017\/10\/Frame-photos-22-365x300.jpg 365w, https:\/\/nelidesign.com\/wp-content\/uploads\/2017\/10\/Frame-photos-22-609x500.jpg 609w\" sizes=\"(max-width: 800px) 100vw, 800px\" \/><\/p>\n<p>Si vous avez manqu\u00e9 les derni\u00e8res publications, j'ai r\u00e9alis\u00e9 la r\u00e9novation de la chambre de ma fille en un mois, pour moins de $100.<\/p>\n<p style=\"text-align: center;\"><a href=\"https:\/\/nelidesign.com\/fr\/100-room-challenge-renovation-dune-chambre-de-fille-semaine-1\/\" target=\"_blank\" rel=\"noopener\">Semaine 1<\/a> | <a href=\"https:\/\/nelidesign.com\/fr\/coin-lecture-100-room-challenge-semaine-2\/\" target=\"_blank\" rel=\"noopener\">Semaine 2<\/a> | <a href=\"https:\/\/nelidesign.com\/fr\/un-nouveau-coin-bureau-100-room-challenge-semaine-3\/\" target=\"_blank\" rel=\"noopener\">Semaine 3<\/a> | <a href=\"https:\/\/nelidesign.com\/fr\/devoilement-chambre-de-jeune-fille-100-room-challenge-semaine-4\/\">Semaine 4<\/a><\/p>\n<p>\u00c7a a tellement \u00e9t\u00e9 intense que j'ai l'impression d'\u00eatre en vacances en ce moment!!<\/p>\n<h2>Le Cadre<\/h2>\n<p>Les sous \u00e9tant limit\u00e9s pour le d\u00e9fi du $100 Room Challenge, j'ai r\u00e9cup\u00e9r\u00e9 un cadre que vous aviez peut-\u00eatre m\u00eame d\u00e9j\u00e0 aper\u00e7u dans la publication au sujet<a href=\"https:\/\/nelidesign.com\/fr\/comment-cacher-des-appareils-electroniques-avec-une-simple-boite\/\" target=\"_blank\" rel=\"noopener\"> d'une petite bo\u00eete pour cacher les \u00e9quipements \u00e9lectroniques.<\/a><\/p>\n<p><img decoding=\"async\" class=\"aligncenter wp-image-3339 size-full\" src=\"https:\/\/nelidesign.com\/wp-content\/uploads\/2017\/02\/00_Burlap-Box.jpg\" alt=\"bo\u00eete en toile de jute | d\u00e9coration maison | \u00e0 faire soi-m\u00eame Burlap box, home decor | crochet | DIY | Tutorial\" width=\"650\" height=\"504\" srcset=\"https:\/\/nelidesign.com\/wp-content\/uploads\/2017\/02\/00_Burlap-Box.jpg 650w, https:\/\/nelidesign.com\/wp-content\/uploads\/2017\/02\/00_Burlap-Box-250x194.jpg 250w, https:\/\/nelidesign.com\/wp-content\/uploads\/2017\/02\/00_Burlap-Box-550x426.jpg 550w, https:\/\/nelidesign.com\/wp-content\/uploads\/2017\/02\/00_Burlap-Box-232x180.jpg 232w, https:\/\/nelidesign.com\/wp-content\/uploads\/2017\/02\/00_Burlap-Box-387x300.jpg 387w, https:\/\/nelidesign.com\/wp-content\/uploads\/2017\/02\/00_Burlap-Box-645x500.jpg 645w\" sizes=\"(max-width: 650px) 100vw, 650px\" \/><\/p>\n<p>\u00c0 ce moment, le fond avait \u00e9t\u00e9 fait \u00e0 l'aide de papier de scrapbooking et si on portait attention, on pouvait voir les joints des 4 feuilles.<\/p>\n<p>Cette fois-ci, j'ai utilis\u00e9 un papier aquarelle que j'avais depuis tr\u00e8s longtemps et j'ai coup\u00e9 un morceau de la grandeur exacte pour le cadre.<\/p>\n<p><img decoding=\"async\" class=\"aligncenter size-full wp-image-4331\" src=\"https:\/\/nelidesign.com\/wp-content\/uploads\/2017\/10\/Frame-photos-1.jpg\" alt=\"DIY Frame hang Photos string art Pictures watercolor Instax mini stencil souvenirs cadre photographies aquarelle pochoir ficelles\" width=\"800\" height=\"555\" srcset=\"https:\/\/nelidesign.com\/wp-content\/uploads\/2017\/10\/Frame-photos-1.jpg 800w, https:\/\/nelidesign.com\/wp-content\/uploads\/2017\/10\/Frame-photos-1-768x533.jpg 768w, https:\/\/nelidesign.com\/wp-content\/uploads\/2017\/10\/Frame-photos-1-250x173.jpg 250w, https:\/\/nelidesign.com\/wp-content\/uploads\/2017\/10\/Frame-photos-1-550x382.jpg 550w, https:\/\/nelidesign.com\/wp-content\/uploads\/2017\/10\/Frame-photos-1-259x180.jpg 259w, https:\/\/nelidesign.com\/wp-content\/uploads\/2017\/10\/Frame-photos-1-432x300.jpg 432w, https:\/\/nelidesign.com\/wp-content\/uploads\/2017\/10\/Frame-photos-1-721x500.jpg 721w\" sizes=\"(max-width: 800px) 100vw, 800px\" \/><\/p>\n<h2>Faire le fond<\/h2>\n<p><i><span style=\"font-weight: 400;\">Cette publication contient des liens vers des produits affili\u00e9s pour votre convenance et sans frais suppl\u00e9mentaires pour vous. <\/span><\/i><a href=\"https:\/\/nelidesign.com\/fr\/divulgation\/\"><i><span style=\"font-weight: 400;\">Cliquez ici pour lire ma politique de divulgation compl\u00e8te.<\/span><\/i><\/a><\/p>\n<h3>Vous aurez besoin<\/h3>\n<p>[wc_box color=\"primary\" text_align=\"left\" margin_top=\"\" margin_bottom=\"\" class=\"\"]<\/p>\n<ul>\n<li>Papier aquarelle<\/li>\n<li>Des crayons <a href=\"https:\/\/www.amazon.com\/s\/ref=as_li_ss_tl?url=search-alias=aps&amp;field-keywords=gelato+faber+castell&amp;sprefix=gelato+faber,aps,146&amp;crid=1HFT8ZH526JEY&amp;rh=i:aps,k:gelato+faber+castell&amp;linkCode=ll2&amp;tag=nelidesign20-20&amp;linkId=3d0eee1f7941db244ea8c4b61a2ba76f\" target=\"_blank\" rel=\"nofollow noopener\">Gelato de Faber Castel<\/a> ou autres crayons aquarelles. 3 \u00e0 4 couleurs dans les m\u00eames teintes.<\/li>\n<li>Un vaporisateur avec de l'eau<\/li>\n<li><a href=\"https:\/\/www.amazon.com\/s\/ref=as_li_ss_tl?url=search-alias=aps&amp;field-keywords=glimmer+mist&amp;rh=i:aps,k:glimmer+mist&amp;linkCode=ll2&amp;tag=nelidesign20-20&amp;linkId=fc458258727752a3ce781ea5d781c81d\" target=\"_blank\" rel=\"nofollow noopener\">Glimmer mist<\/a> (ou un autre genre de peinture en vaporisateur. La couleur utilis\u00e9e est le \"Coffee Shop\". Je trouvais qu'elle ressemblait un peu \u00e0 la couleur Or-Rose qui \u00e9tait d\u00e9j\u00e0 pr\u00e9sente un peu partout dans la chambre)<\/li>\n<li><a href=\"https:\/\/www.amazon.com\/s\/ref=as_li_ss_tl?url=search-alias=aps&amp;field-keywords=crafter's+workshop+stencils&amp;sprefix=crafter's+wor,aps,158&amp;crid=Z5WDB8CPCR6C&amp;rh=i:aps,k:crafter's+workshop+stencils&amp;linkCode=ll2&amp;tag=nelidesign20-20&amp;linkId=7d8c3785627aa80b35b5fc1a8a9fd205\" target=\"_blank\" rel=\"nofollow noopener\">Pochoir de Crafter's Workshop<\/a> (j'ai utilis\u00e9 le mod\u00e8le \"Eternity\")<\/li>\n<li>Papier essuie-tout<\/li>\n<\/ul>\n<p>[\/wc_box]<\/p>\n<p>Pour d\u00e9buter, j'ai color\u00e9 le papier aquarelle avec les <a href=\"https:\/\/www.amazon.com\/s\/ref=as_li_ss_tl?url=search-alias=aps&amp;field-keywords=gelato+faber+castell&amp;sprefix=gelato+faber,aps,146&amp;crid=1HFT8ZH526JEY&amp;rh=i:aps,k:gelato+faber+castell&amp;linkCode=ll2&amp;tag=nelidesign20-20&amp;linkId=3d0eee1f7941db244ea8c4b61a2ba76f\" target=\"_blank\" rel=\"nofollow noopener\">Gelato <\/a>de cette fa\u00e7on.<\/p>\n<div id='gallery-1' class='gallery galleryid-6026 gallery-columns-2 gallery-size-wcsquare'><figure class='gallery-item'>\n\t\t\t<div class='gallery-icon landscape'>\n\t\t\t\t<a href='https:\/\/nelidesign.com\/fr\/cadre-unique-pour-exposer-ses-photos\/frame-photos-3\/'><img decoding=\"async\" width=\"450\" height=\"450\" src=\"https:\/\/nelidesign.com\/wp-content\/uploads\/2017\/10\/Frame-photos-3-450x450.jpg\" class=\"attachment-wcsquare size-wcsquare\" alt=\"\" srcset=\"https:\/\/nelidesign.com\/wp-content\/uploads\/2017\/10\/Frame-photos-3-450x450.jpg 450w, https:\/\/nelidesign.com\/wp-content\/uploads\/2017\/10\/Frame-photos-3-150x150.jpg 150w, https:\/\/nelidesign.com\/wp-content\/uploads\/2017\/10\/Frame-photos-3-180x180.jpg 180w, https:\/\/nelidesign.com\/wp-content\/uploads\/2017\/10\/Frame-photos-3-300x300.jpg 300w, https:\/\/nelidesign.com\/wp-content\/uploads\/2017\/10\/Frame-photos-3-48x48.jpg 48w\" sizes=\"(max-width: 450px) 100vw, 450px\" \/><\/a>\n\t\t\t<\/div><\/figure><figure class='gallery-item'>\n\t\t\t<div class='gallery-icon landscape'>\n\t\t\t\t<a href='https:\/\/nelidesign.com\/fr\/cadre-unique-pour-exposer-ses-photos\/frame-photos-4\/'><img decoding=\"async\" width=\"450\" height=\"450\" src=\"https:\/\/nelidesign.com\/wp-content\/uploads\/2017\/10\/Frame-photos-4-450x450.jpg\" class=\"attachment-wcsquare size-wcsquare\" alt=\"\" srcset=\"https:\/\/nelidesign.com\/wp-content\/uploads\/2017\/10\/Frame-photos-4-450x450.jpg 450w, https:\/\/nelidesign.com\/wp-content\/uploads\/2017\/10\/Frame-photos-4-150x150.jpg 150w, https:\/\/nelidesign.com\/wp-content\/uploads\/2017\/10\/Frame-photos-4-180x180.jpg 180w, https:\/\/nelidesign.com\/wp-content\/uploads\/2017\/10\/Frame-photos-4-300x300.jpg 300w, https:\/\/nelidesign.com\/wp-content\/uploads\/2017\/10\/Frame-photos-4-48x48.jpg 48w\" sizes=\"(max-width: 450px) 100vw, 450px\" \/><\/a>\n\t\t\t<\/div><\/figure>\n\t\t<\/div>\n\n<p>Ensuite, j'ai ajout\u00e9 de l'eau avec le vaporisateur et j'ai pris soin de m\u00e9langer les couleurs sans traverser d'une couleur \u00e0 l'autre.<\/p>\n<div id='gallery-2' class='gallery galleryid-6026 gallery-columns-2 gallery-size-wcsquare'><figure class='gallery-item'>\n\t\t\t<div class='gallery-icon landscape'>\n\t\t\t\t<a href='https:\/\/nelidesign.com\/fr\/cadre-unique-pour-exposer-ses-photos\/frame-photos-5\/'><img decoding=\"async\" width=\"450\" height=\"450\" src=\"https:\/\/nelidesign.com\/wp-content\/uploads\/2017\/10\/Frame-photos-5-450x450.jpg\" class=\"attachment-wcsquare size-wcsquare\" alt=\"\" srcset=\"https:\/\/nelidesign.com\/wp-content\/uploads\/2017\/10\/Frame-photos-5-450x450.jpg 450w, https:\/\/nelidesign.com\/wp-content\/uploads\/2017\/10\/Frame-photos-5-150x150.jpg 150w, https:\/\/nelidesign.com\/wp-content\/uploads\/2017\/10\/Frame-photos-5-180x180.jpg 180w, https:\/\/nelidesign.com\/wp-content\/uploads\/2017\/10\/Frame-photos-5-300x300.jpg 300w, https:\/\/nelidesign.com\/wp-content\/uploads\/2017\/10\/Frame-photos-5-48x48.jpg 48w\" sizes=\"(max-width: 450px) 100vw, 450px\" \/><\/a>\n\t\t\t<\/div><\/figure><figure class='gallery-item'>\n\t\t\t<div class='gallery-icon landscape'>\n\t\t\t\t<a href='https:\/\/nelidesign.com\/fr\/cadre-unique-pour-exposer-ses-photos\/frame-photos-6\/'><img decoding=\"async\" width=\"450\" height=\"450\" src=\"https:\/\/nelidesign.com\/wp-content\/uploads\/2017\/10\/Frame-photos-6-450x450.jpg\" class=\"attachment-wcsquare size-wcsquare\" alt=\"\" srcset=\"https:\/\/nelidesign.com\/wp-content\/uploads\/2017\/10\/Frame-photos-6-450x450.jpg 450w, https:\/\/nelidesign.com\/wp-content\/uploads\/2017\/10\/Frame-photos-6-150x150.jpg 150w, https:\/\/nelidesign.com\/wp-content\/uploads\/2017\/10\/Frame-photos-6-180x180.jpg 180w, https:\/\/nelidesign.com\/wp-content\/uploads\/2017\/10\/Frame-photos-6-300x300.jpg 300w, https:\/\/nelidesign.com\/wp-content\/uploads\/2017\/10\/Frame-photos-6-48x48.jpg 48w\" sizes=\"(max-width: 450px) 100vw, 450px\" \/><\/a>\n\t\t\t<\/div><\/figure>\n\t\t<\/div>\n\n<p>Cette vid\u00e9o pourra vous aider \u00e0 mieux comprendre<\/p>\n<p>https:\/\/youtu.be\/PspJlTbEjPk<\/p>\n<p>Oui, oui, j'utiliser mes doigts!!<\/p>\n<p>Une fois que tout est bien sec, j'ai appliqu\u00e9 le <a href=\"https:\/\/www.amazon.com\/s\/ref=as_li_ss_tl?url=search-alias=aps&amp;field-keywords=glimmer+mist&amp;rh=i:aps,k:glimmer+mist&amp;linkCode=ll2&amp;tag=nelidesign20-20&amp;linkId=fc458258727752a3ce781ea5d781c81d\" target=\"_blank\" rel=\"nofollow noopener\">Glimmer mist<\/a> \u00e0 l'aide du\u00a0<a href=\"https:\/\/www.amazon.com\/s\/ref=as_li_ss_tl?url=search-alias=aps&amp;field-keywords=crafter's+workshop+stencils&amp;sprefix=crafter's+wor,aps,158&amp;crid=Z5WDB8CPCR6C&amp;rh=i:aps,k:crafter's+workshop+stencils&amp;linkCode=ll2&amp;tag=nelidesign20-20&amp;linkId=7d8c3785627aa80b35b5fc1a8a9fd205\" target=\"_blank\" rel=\"nofollow noopener\">pochoir<\/a>. L'id\u00e9e n'est pas de couvrir la surface en entier, mais seulement quelques endroits. Et comme je r\u00e9p\u00e8te souvent, <strong>\u00e7a n'a pas besoin d'\u00eatre parfait<\/strong>! Il faut se laisser aller un peu!<\/p>\n<p><img decoding=\"async\" class=\"aligncenter size-full wp-image-4337\" src=\"https:\/\/nelidesign.com\/wp-content\/uploads\/2017\/10\/Frame-photos-7.jpg\" alt=\"DIY Frame hang Photos string art Pictures watercolor Instax mini stencil souvenirs cadre photographies aquarelle pochoir ficelles\" width=\"800\" height=\"611\" srcset=\"https:\/\/nelidesign.com\/wp-content\/uploads\/2017\/10\/Frame-photos-7.jpg 800w, https:\/\/nelidesign.com\/wp-content\/uploads\/2017\/10\/Frame-photos-7-768x587.jpg 768w, https:\/\/nelidesign.com\/wp-content\/uploads\/2017\/10\/Frame-photos-7-250x191.jpg 250w, https:\/\/nelidesign.com\/wp-content\/uploads\/2017\/10\/Frame-photos-7-550x420.jpg 550w, https:\/\/nelidesign.com\/wp-content\/uploads\/2017\/10\/Frame-photos-7-236x180.jpg 236w, https:\/\/nelidesign.com\/wp-content\/uploads\/2017\/10\/Frame-photos-7-393x300.jpg 393w, https:\/\/nelidesign.com\/wp-content\/uploads\/2017\/10\/Frame-photos-7-655x500.jpg 655w\" sizes=\"(max-width: 800px) 100vw, 800px\" \/><\/p>\n<p>J'utilise \u00e9galement un papier essuie-tout pour \u00e9viter le surplus de\u00a0 <a href=\"http:\/\/amzn.to\/2xO9vZM\" target=\"_blank\" rel=\"nofollow noopener\">Glimmer mist<\/a>\u00a0et \u00e9viter que \u00e7a d\u00e9borde sous le <a href=\"https:\/\/www.amazon.com\/s\/ref=as_li_ss_tl?url=search-alias=aps&amp;field-keywords=crafter's+workshop+stencils&amp;sprefix=crafter's+wor,aps,158&amp;crid=Z5WDB8CPCR6C&amp;rh=i:aps,k:crafter's+workshop+stencils&amp;linkCode=ll2&amp;tag=nelidesign20-20&amp;linkId=7d8c3785627aa80b35b5fc1a8a9fd205\" target=\"_blank\" rel=\"nofollow noopener\">pochoir.<\/a><\/p>\n<p>Vous pouvez voir la vid\u00e9o suivant pour une meilleure compr\u00e9hension :<\/p>\n<p>https:\/\/youtu.be\/T-k9D-jih3Q<\/p>\n<h2>Installation de la ficelle<\/h2>\n<p>La ficelle est install\u00e9e par dessus la vitre et est fix\u00e9e au cadre \u00e0 la d'une agrafeuse et de courtes agrafes<\/p>\n<p><img decoding=\"async\" class=\"aligncenter size-full wp-image-4338\" src=\"https:\/\/nelidesign.com\/wp-content\/uploads\/2017\/10\/Frame-photos-8.jpg\" alt=\"DIY Frame hang Photos string art Pictures watercolor Instax mini stencil souvenirs cadre photographies aquarelle pochoir ficelles\" width=\"800\" height=\"640\" srcset=\"https:\/\/nelidesign.com\/wp-content\/uploads\/2017\/10\/Frame-photos-8.jpg 800w, https:\/\/nelidesign.com\/wp-content\/uploads\/2017\/10\/Frame-photos-8-768x614.jpg 768w, https:\/\/nelidesign.com\/wp-content\/uploads\/2017\/10\/Frame-photos-8-250x200.jpg 250w, https:\/\/nelidesign.com\/wp-content\/uploads\/2017\/10\/Frame-photos-8-550x440.jpg 550w, https:\/\/nelidesign.com\/wp-content\/uploads\/2017\/10\/Frame-photos-8-225x180.jpg 225w, https:\/\/nelidesign.com\/wp-content\/uploads\/2017\/10\/Frame-photos-8-375x300.jpg 375w, https:\/\/nelidesign.com\/wp-content\/uploads\/2017\/10\/Frame-photos-8-625x500.jpg 625w\" sizes=\"(max-width: 800px) 100vw, 800px\" \/><\/p>\n<p>Il faut donc s'assurer de v\u00e9rifier la tension comme ceci :<\/p>\n<p><img decoding=\"async\" class=\"aligncenter size-full wp-image-4339\" src=\"https:\/\/nelidesign.com\/wp-content\/uploads\/2017\/10\/Frame-photos-9.jpg\" alt=\"DIY Frame hang Photos string art Pictures watercolor Instax mini stencil souvenirs cadre photographies aquarelle pochoir ficelles\" width=\"800\" height=\"608\" srcset=\"https:\/\/nelidesign.com\/wp-content\/uploads\/2017\/10\/Frame-photos-9.jpg 800w, https:\/\/nelidesign.com\/wp-content\/uploads\/2017\/10\/Frame-photos-9-768x584.jpg 768w, https:\/\/nelidesign.com\/wp-content\/uploads\/2017\/10\/Frame-photos-9-250x190.jpg 250w, https:\/\/nelidesign.com\/wp-content\/uploads\/2017\/10\/Frame-photos-9-550x418.jpg 550w, https:\/\/nelidesign.com\/wp-content\/uploads\/2017\/10\/Frame-photos-9-237x180.jpg 237w, https:\/\/nelidesign.com\/wp-content\/uploads\/2017\/10\/Frame-photos-9-395x300.jpg 395w, https:\/\/nelidesign.com\/wp-content\/uploads\/2017\/10\/Frame-photos-9-658x500.jpg 658w\" sizes=\"(max-width: 800px) 100vw, 800px\" \/><\/p>\n<p><img decoding=\"async\" class=\"aligncenter size-full wp-image-4340\" src=\"https:\/\/nelidesign.com\/wp-content\/uploads\/2017\/10\/Frame-photos-10.jpg\" alt=\"DIY Frame hang Photos string art Pictures watercolor Instax mini stencil souvenirs cadre photographies aquarelle pochoir ficelles\" width=\"800\" height=\"537\" srcset=\"https:\/\/nelidesign.com\/wp-content\/uploads\/2017\/10\/Frame-photos-10.jpg 800w, https:\/\/nelidesign.com\/wp-content\/uploads\/2017\/10\/Frame-photos-10-768x516.jpg 768w, https:\/\/nelidesign.com\/wp-content\/uploads\/2017\/10\/Frame-photos-10-250x168.jpg 250w, https:\/\/nelidesign.com\/wp-content\/uploads\/2017\/10\/Frame-photos-10-550x369.jpg 550w, https:\/\/nelidesign.com\/wp-content\/uploads\/2017\/10\/Frame-photos-10-268x180.jpg 268w, https:\/\/nelidesign.com\/wp-content\/uploads\/2017\/10\/Frame-photos-10-447x300.jpg 447w, https:\/\/nelidesign.com\/wp-content\/uploads\/2017\/10\/Frame-photos-10-745x500.jpg 745w\" sizes=\"(max-width: 800px) 100vw, 800px\" \/><\/p>\n<p><img decoding=\"async\" class=\"aligncenter size-full wp-image-4341\" src=\"https:\/\/nelidesign.com\/wp-content\/uploads\/2017\/10\/Frame-photos-11.jpg\" alt=\"DIY Frame hang Photos string art Pictures watercolor Instax mini stencil souvenirs cadre photographies aquarelle pochoir ficelles\" width=\"800\" height=\"693\" srcset=\"https:\/\/nelidesign.com\/wp-content\/uploads\/2017\/10\/Frame-photos-11.jpg 800w, https:\/\/nelidesign.com\/wp-content\/uploads\/2017\/10\/Frame-photos-11-768x665.jpg 768w, https:\/\/nelidesign.com\/wp-content\/uploads\/2017\/10\/Frame-photos-11-250x217.jpg 250w, https:\/\/nelidesign.com\/wp-content\/uploads\/2017\/10\/Frame-photos-11-550x476.jpg 550w, https:\/\/nelidesign.com\/wp-content\/uploads\/2017\/10\/Frame-photos-11-208x180.jpg 208w, https:\/\/nelidesign.com\/wp-content\/uploads\/2017\/10\/Frame-photos-11-346x300.jpg 346w, https:\/\/nelidesign.com\/wp-content\/uploads\/2017\/10\/Frame-photos-11-577x500.jpg 577w\" sizes=\"(max-width: 800px) 100vw, 800px\" \/><\/p>\n<h2>Les photos comme des \"Instax Mini\"<\/h2>\n<p>Avez-vous vu le prix des <a href=\"https:\/\/www.amazon.com\/s\/ref=as_li_ss_tl?url=search-alias=aps&amp;field-keywords=fujifilm+instax+mini+camera&amp;sprefix=fujifilm+instax+mini+camera,aps,146&amp;crid=3LK3VERV9AJUK&amp;rh=i:aps,k:fujifilm+instax+mini+camera&amp;linkCode=ll2&amp;tag=nelidesign20-20&amp;linkId=e898d9a998afe1485e42727cceee10d7\" target=\"_blank\" rel=\"nofollow noopener\">cam\u00e9ras Instax Mini<\/a>? Et que dire des <a href=\"https:\/\/www.amazon.com\/s\/ref=as_li_ss_tl?url=search-alias=aps&amp;field-keywords=fujifilm+instax+mini+instant+film&amp;sprefix=fujifilm+instax+mini+instant,aps,153&amp;crid=1GGSBQCZYPW9C&amp;rh=i:aps,k:fujifilm+instax+mini+instant+film&amp;linkCode=ll2&amp;tag=nelidesign20-20&amp;linkId=e0807f068ecf8e87227cb4ded4c25211\" target=\"_blank\" rel=\"nofollow noopener\">films pour les photos<\/a>? C'est beaucoup trop cher pour moi!!!<\/p>\n<p>Si vous avez Photoshop et une imprimante couleurs, j'ai une solution \u00e9conomique pour vous!<\/p>\n<p>J'ai fabriqu\u00e9 un gabarit tr\u00e8s facile d'utilisation (assez facile que c'est ma fille qui a fait le montage! Je vous mets un peu de pression l\u00e0!!) et votre seule d\u00e9pense, si vous n'en avez pas d\u00e9j\u00e0, sera de vous procurer du <a href=\"https:\/\/www.amazon.com\/s\/ref=as_li_ss_tl?url=search-alias=aps&amp;field-keywords=photo+quality+printer+paper&amp;sprefix=photo+qua,aps,138&amp;crid=17NJ7FVZMBLZK&amp;rh=i:aps,k:photo+quality+printer+paper&amp;linkCode=ll2&amp;tag=nelidesign20-20&amp;linkId=1eb68bd513dcffcf51d161468a1586c3\" target=\"_blank\" rel=\"nofollow noopener\">papier qualit\u00e9 photo<\/a>.<\/p>\n<p>&nbsp;<\/p>\n<p><iframe title=\"Free Instax Mini template\" width=\"500\" height=\"281\" src=\"https:\/\/www.youtube.com\/embed\/hijap3JkQqQ?feature=oembed\" frameborder=\"0\" allow=\"accelerometer; autoplay; clipboard-write; encrypted-media; gyroscope; picture-in-picture; web-share\" referrerpolicy=\"strict-origin-when-cross-origin\" allowfullscreen><\/iframe><\/p>\n<p>R\u00e9p\u00e9ter l'op\u00e9ration pour les 9 photos<\/p>\n<p>Note : si vous avez moins de 9 photos, je vous sugg\u00e8re de fermer les couches des photos non utilis\u00e9es (en cliquant sur le petit oeil \u00e0 c\u00f4t\u00e9 du nom de la couche). Ceci \u00e9vitera d'imprimer un rectangle noir et de gaspiller l'encre.<\/p>\n<p>Ensuite, imprimer, couper et voil\u00e0! Vous avez de magnifiques photos pour une fraction du prix! Et une grande fille bien contente!<\/p>\n<p><img decoding=\"async\" class=\"aligncenter size-full wp-image-4342\" src=\"https:\/\/nelidesign.com\/wp-content\/uploads\/2017\/10\/Frame-photos-12.jpg\" alt=\"DIY Frame hang Photos string art Pictures watercolor Instax mini stencil souvenirs cadre photographies aquarelle pochoir ficelles\" width=\"800\" height=\"628\" srcset=\"https:\/\/nelidesign.com\/wp-content\/uploads\/2017\/10\/Frame-photos-12.jpg 800w, https:\/\/nelidesign.com\/wp-content\/uploads\/2017\/10\/Frame-photos-12-768x603.jpg 768w, https:\/\/nelidesign.com\/wp-content\/uploads\/2017\/10\/Frame-photos-12-250x196.jpg 250w, https:\/\/nelidesign.com\/wp-content\/uploads\/2017\/10\/Frame-photos-12-550x432.jpg 550w, https:\/\/nelidesign.com\/wp-content\/uploads\/2017\/10\/Frame-photos-12-229x180.jpg 229w, https:\/\/nelidesign.com\/wp-content\/uploads\/2017\/10\/Frame-photos-12-382x300.jpg 382w, https:\/\/nelidesign.com\/wp-content\/uploads\/2017\/10\/Frame-photos-12-637x500.jpg 637w\" sizes=\"(max-width: 800px) 100vw, 800px\" \/><\/p>\n<h2>Oui, mais Natalie, o\u00f9 est ce super gabarit?<\/h2>\n<p>Il est dans la biblioth\u00e8que de Nelidesign! Et comment y acc\u00e9der? Vous n'avez qu'\u00e0 vous inscrire via le lien ci-dessous.<\/p>\n<p><span style=\"font-weight: 400;\">[wc_box color=\"secondary\" text_align=\"center\" margin_top=\"\" margin_bottom=\"\" class=\"\"]<\/span><\/p>\n<h4 style=\"text-align: center;\">Ne manquez pas les nouvelles gratuit\u00e9s. Inscrivez-vous pour obtenir acc\u00e8s \u00e0 la biblioth\u00e8que remplie de ressources!<\/h4>\n<p style=\"text-align: center;\">[wc_button type=\"warning\" url=\"https:\/\/nelidesign.com\/fr\/landing-page-francais\/\" title=\"Inscrire\" target=\"blank\" url_rel=\"\" icon_left=\"\" icon_right=\"\" position=\"center\" class=\"\"]Je veux m'inscrire![\/wc_button]<\/p>\n<p><span style=\"font-weight: 400;\">[\/wc_box]\u00a0<\/span><\/p>\n<p>Vous me direz : \"Ah non, pas encore des courriels dans ma bo\u00eete!\" Mais je vous promets que je ne suis pas tr\u00e8s envahissante! Je vous tiendrai simplement au courant lorsque j'ajoute des gratuit\u00e9s \u00e0 la biblioth\u00e8que ou pour des \u00e9v\u00e9nements importants. Surtout, vous verrez qu'il y a d\u00e9j\u00e0 plusieurs autres fichiers qui pourraient vous int\u00e9resser dans la biblioth\u00e8que! \ud83d\ude42<\/p>\n<h2>Le r\u00e9sultat final<\/h2>\n<p><img decoding=\"async\" class=\"aligncenter size-full wp-image-4343\" src=\"https:\/\/nelidesign.com\/wp-content\/uploads\/2017\/10\/Frame-photos-22.jpg\" alt=\"DIY Frame hang Photos string art Pictures watercolor Instax mini stencil souvenirs cadre photographies aquarelle pochoir ficelles\" width=\"800\" height=\"657\" srcset=\"https:\/\/nelidesign.com\/wp-content\/uploads\/2017\/10\/Frame-photos-22.jpg 800w, https:\/\/nelidesign.com\/wp-content\/uploads\/2017\/10\/Frame-photos-22-768x631.jpg 768w, https:\/\/nelidesign.com\/wp-content\/uploads\/2017\/10\/Frame-photos-22-250x205.jpg 250w, https:\/\/nelidesign.com\/wp-content\/uploads\/2017\/10\/Frame-photos-22-550x452.jpg 550w, https:\/\/nelidesign.com\/wp-content\/uploads\/2017\/10\/Frame-photos-22-219x180.jpg 219w, https:\/\/nelidesign.com\/wp-content\/uploads\/2017\/10\/Frame-photos-22-365x300.jpg 365w, https:\/\/nelidesign.com\/wp-content\/uploads\/2017\/10\/Frame-photos-22-609x500.jpg 609w\" sizes=\"(max-width: 800px) 100vw, 800px\" \/><\/p>\n<p>Si vous d\u00e9sirez voir le restant de la pi\u00e8ce, n'h\u00e9sitez pas \u00e0 consulter les autres publications :<\/p>\n<p style=\"text-align: center;\"><a href=\"https:\/\/nelidesign.com\/fr\/100-room-challenge-renovation-dune-chambre-de-fille-semaine-1\/\" target=\"_blank\" rel=\"noopener\">Semaine 1<\/a> | <a href=\"https:\/\/nelidesign.com\/fr\/coin-lecture-100-room-challenge-semaine-2\/\" target=\"_blank\" rel=\"noopener\">Semaine 2<\/a> | <a href=\"https:\/\/nelidesign.com\/fr\/un-nouveau-coin-bureau-100-room-challenge-semaine-3\/\" target=\"_blank\" rel=\"noopener\">Semaine 3<\/a> | <a href=\"https:\/\/nelidesign.com\/fr\/devoilement-chambre-de-jeune-fille-100-room-challenge-semaine-4\/\">Semaine 4<\/a><\/p>\n<p>D'ici l\u00e0, \u00c9pinglez!<\/p>\n<p><img decoding=\"async\" class=\"aligncenter size-full wp-image-3772\" src=\"https:\/\/nelidesign.com\/wp-content\/uploads\/2017\/07\/Pin-me-FR.png\" alt=\"\" width=\"181\" height=\"130\" \/><\/p>\n<p><img decoding=\"async\" class=\"aligncenter wp-image-4379\" src=\"https:\/\/nelidesign.com\/wp-content\/uploads\/2017\/10\/Pinterest-Frame-FR.jpg\" alt=\"souvenirs cadre photographies aquarelle pochoir ficelles DIY Frame hang Photos string art Pictures watercolor Instax mini stencil\" width=\"450\" height=\"673\" srcset=\"https:\/\/nelidesign.com\/wp-content\/uploads\/2017\/10\/Pinterest-Frame-FR.jpg 735w, https:\/\/nelidesign.com\/wp-content\/uploads\/2017\/10\/Pinterest-Frame-FR-250x374.jpg 250w, https:\/\/nelidesign.com\/wp-content\/uploads\/2017\/10\/Pinterest-Frame-FR-550x823.jpg 550w, https:\/\/nelidesign.com\/wp-content\/uploads\/2017\/10\/Pinterest-Frame-FR-120x180.jpg 120w, https:\/\/nelidesign.com\/wp-content\/uploads\/2017\/10\/Pinterest-Frame-FR-200x300.jpg 200w, https:\/\/nelidesign.com\/wp-content\/uploads\/2017\/10\/Pinterest-Frame-FR-334x500.jpg 334w\" sizes=\"(max-width: 450px) 100vw, 450px\" \/><\/p>\n<p>&nbsp;<\/p>\n<p><img decoding=\"async\" class=\"size-full wp-image-2946 alignnone\" src=\"https:\/\/nelidesign.com\/wp-content\/uploads\/2017\/05\/Signature-2Bnat-1.png\" alt=\"\" width=\"131\" height=\"60\" \/><\/p>\n<p><span style=\"font-weight: 400;\">Pour voir \u00e0 quel \"Link Party\" je participe,<\/span><a href=\"https:\/\/nelidesign.com\/fr\/link-party\/\"> <span style=\"font-weight: 400;\">cliquez ici <\/span><\/a><\/p>\n<div style=\"display: none;\"><img decoding=\"async\" class=\"alignleft size-full wp-image-4369\" src=\"https:\/\/nelidesign.com\/wp-content\/uploads\/2017\/06\/Instax-mini-template.jpg\" alt=\"Instax mini template DIY Frame hang Photos string art Pictures watercolor Instax mini stencil souvenirs cadre photographies aquarelle pochoir ficelles\" width=\"450\" height=\"582\" srcset=\"https:\/\/nelidesign.com\/wp-content\/uploads\/2017\/06\/Instax-mini-template.jpg 450w, https:\/\/nelidesign.com\/wp-content\/uploads\/2017\/06\/Instax-mini-template-400x516.jpg 400w, https:\/\/nelidesign.com\/wp-content\/uploads\/2017\/06\/Instax-mini-template-250x323.jpg 250w, https:\/\/nelidesign.com\/wp-content\/uploads\/2017\/06\/Instax-mini-template-139x180.jpg 139w, https:\/\/nelidesign.com\/wp-content\/uploads\/2017\/06\/Instax-mini-template-232x300.jpg 232w, https:\/\/nelidesign.com\/wp-content\/uploads\/2017\/06\/Instax-mini-template-387x500.jpg 387w\" sizes=\"(max-width: 450px) 100vw, 450px\" \/><\/div>\n","protected":false},"excerpt":{"rendered":"<p>Le d\u00e9fi du $100 Room Challenge est bel et bien termin\u00e9, mais je vous avait quand m\u00eame promis une publication concernant la r\u00e9alisation de ce cadre. Si vous avez manqu\u00e9 les derni\u00e8res publications, j'ai r\u00e9alis\u00e9 la r\u00e9novation de la chambre de ma fille en un mois, pour moins de $100. Semaine 1 | Semaine 2 [&hellip;]<\/p>\n","protected":false},"author":1,"featured_media":6514,"comment_status":"closed","ping_status":"closed","sticky":false,"template":"","format":"standard","meta":{"_genesis_hide_title":false,"_genesis_hide_breadcrumbs":false,"_genesis_hide_singular_image":false,"_genesis_hide_footer_widgets":false,"_genesis_custom_body_class":"","_genesis_custom_post_class":"","_genesis_layout":"","footnotes":""},"categories":[149,150,153,152],"tags":[113],"holidays":[],"class_list":{"0":"post-6026","1":"post","2":"type-post","3":"status-publish","4":"format-standard","5":"has-post-thumbnail","7":"category-100-room-challenge-fr","8":"category-bricolage","9":"category-deco","10":"category-pour-les-enfants","11":"tag-pour-la-maison-fr","12":"entry"},"yoast_head":"<!-- This site is optimized with the Yoast SEO plugin v27.4 - https:\/\/yoast.com\/product\/yoast-seo-wordpress\/ -->\n<title>Cadre unique pour exposer ses photos - NeliDesign<\/title>\n<meta name=\"description\" content=\"Suivez comment r\u00e9aliser un cadre unique et obtenez aussi un gabarit pour cr\u00e9er des photos comme si elles avaient \u00e9t\u00e9 prises avec une camera Instax Mini.\" \/>\n<meta name=\"robots\" content=\"index, follow, max-snippet:-1, max-image-preview:large, max-video-preview:-1\" \/>\n<link rel=\"canonical\" href=\"https:\/\/nelidesign.com\/fr\/cadre-unique-pour-exposer-ses-photos\/\" \/>\n<meta property=\"og:locale\" content=\"fr_FR\" \/>\n<meta property=\"og:type\" content=\"article\" \/>\n<meta property=\"og:title\" content=\"Cadre unique pour exposer ses photos - NeliDesign\" \/>\n<meta property=\"og:description\" content=\"Suivez comment r\u00e9aliser un cadre unique et obtenez aussi un gabarit pour cr\u00e9er des photos comme si elles avaient \u00e9t\u00e9 prises avec une camera Instax Mini.\" \/>\n<meta property=\"og:url\" content=\"https:\/\/nelidesign.com\/fr\/cadre-unique-pour-exposer-ses-photos\/\" \/>\n<meta property=\"og:site_name\" content=\"NeliDesign\" \/>\n<meta property=\"article:publisher\" content=\"https:\/\/www.facebook.com\/Natalie.NeliDesign\/\" \/>\n<meta property=\"article:author\" content=\"https:\/\/www.facebook.com\/Natalie.NeliDesign\/\" \/>\n<meta property=\"article:published_time\" content=\"2017-10-06T17:50:02+00:00\" \/>\n<meta property=\"article:modified_time\" content=\"2018-09-29T17:52:14+00:00\" \/>\n<meta property=\"og:image\" content=\"https:\/\/nelidesign.com\/wp-content\/uploads\/2017\/10\/Featured.jpg\" \/>\n\t<meta property=\"og:image:width\" content=\"1200\" \/>\n\t<meta property=\"og:image:height\" content=\"985\" \/>\n\t<meta property=\"og:image:type\" content=\"image\/jpeg\" \/>\n<meta name=\"author\" content=\"Natalie\" \/>\n<meta name=\"twitter:card\" content=\"summary_large_image\" \/>\n<meta name=\"twitter:creator\" content=\"@nelidesign\" \/>\n<meta name=\"twitter:site\" content=\"@nelidesign\" \/>\n<meta name=\"twitter:label1\" content=\"\u00c9crit par\" \/>\n\t<meta name=\"twitter:data1\" content=\"Natalie\" \/>\n\t<meta name=\"twitter:label2\" content=\"Dur\u00e9e de lecture estim\u00e9e\" \/>\n\t<meta name=\"twitter:data2\" content=\"4 minutes\" \/>\n<script type=\"application\/ld+json\" class=\"yoast-schema-graph\">{\"@context\":\"https:\\\/\\\/schema.org\",\"@graph\":[{\"@type\":\"Article\",\"@id\":\"https:\\\/\\\/nelidesign.com\\\/fr\\\/cadre-unique-pour-exposer-ses-photos\\\/#article\",\"isPartOf\":{\"@id\":\"https:\\\/\\\/nelidesign.com\\\/fr\\\/cadre-unique-pour-exposer-ses-photos\\\/\"},\"author\":{\"name\":\"Natalie\",\"@id\":\"https:\\\/\\\/nelidesign.com\\\/fr\\\/#\\\/schema\\\/person\\\/07194ebfb7711949a8cdd1a9da087cdd\"},\"headline\":\"Cadre unique pour exposer ses photos\",\"datePublished\":\"2017-10-06T17:50:02+00:00\",\"dateModified\":\"2018-09-29T17:52:14+00:00\",\"mainEntityOfPage\":{\"@id\":\"https:\\\/\\\/nelidesign.com\\\/fr\\\/cadre-unique-pour-exposer-ses-photos\\\/\"},\"wordCount\":894,\"publisher\":{\"@id\":\"https:\\\/\\\/nelidesign.com\\\/fr\\\/#\\\/schema\\\/person\\\/07194ebfb7711949a8cdd1a9da087cdd\"},\"image\":{\"@id\":\"https:\\\/\\\/nelidesign.com\\\/fr\\\/cadre-unique-pour-exposer-ses-photos\\\/#primaryimage\"},\"thumbnailUrl\":\"https:\\\/\\\/nelidesign.com\\\/wp-content\\\/uploads\\\/2017\\\/10\\\/Featured.jpg\",\"keywords\":[\"Pour la maison\"],\"articleSection\":[\"$100 Room Challenge\",\"Bricolage\",\"D\u00e9co\",\"Pour les enfants\"],\"inLanguage\":\"fr-FR\"},{\"@type\":\"WebPage\",\"@id\":\"https:\\\/\\\/nelidesign.com\\\/fr\\\/cadre-unique-pour-exposer-ses-photos\\\/\",\"url\":\"https:\\\/\\\/nelidesign.com\\\/fr\\\/cadre-unique-pour-exposer-ses-photos\\\/\",\"name\":\"Cadre unique pour exposer ses photos - NeliDesign\",\"isPartOf\":{\"@id\":\"https:\\\/\\\/nelidesign.com\\\/fr\\\/#website\"},\"primaryImageOfPage\":{\"@id\":\"https:\\\/\\\/nelidesign.com\\\/fr\\\/cadre-unique-pour-exposer-ses-photos\\\/#primaryimage\"},\"image\":{\"@id\":\"https:\\\/\\\/nelidesign.com\\\/fr\\\/cadre-unique-pour-exposer-ses-photos\\\/#primaryimage\"},\"thumbnailUrl\":\"https:\\\/\\\/nelidesign.com\\\/wp-content\\\/uploads\\\/2017\\\/10\\\/Featured.jpg\",\"datePublished\":\"2017-10-06T17:50:02+00:00\",\"dateModified\":\"2018-09-29T17:52:14+00:00\",\"description\":\"Suivez comment r\u00e9aliser un cadre unique et obtenez aussi un gabarit pour cr\u00e9er des photos comme si elles avaient \u00e9t\u00e9 prises avec une camera Instax Mini.\",\"breadcrumb\":{\"@id\":\"https:\\\/\\\/nelidesign.com\\\/fr\\\/cadre-unique-pour-exposer-ses-photos\\\/#breadcrumb\"},\"inLanguage\":\"fr-FR\",\"potentialAction\":[{\"@type\":\"ReadAction\",\"target\":[\"https:\\\/\\\/nelidesign.com\\\/fr\\\/cadre-unique-pour-exposer-ses-photos\\\/\"]}]},{\"@type\":\"ImageObject\",\"inLanguage\":\"fr-FR\",\"@id\":\"https:\\\/\\\/nelidesign.com\\\/fr\\\/cadre-unique-pour-exposer-ses-photos\\\/#primaryimage\",\"url\":\"https:\\\/\\\/nelidesign.com\\\/wp-content\\\/uploads\\\/2017\\\/10\\\/Featured.jpg\",\"contentUrl\":\"https:\\\/\\\/nelidesign.com\\\/wp-content\\\/uploads\\\/2017\\\/10\\\/Featured.jpg\",\"width\":1200,\"height\":985},{\"@type\":\"BreadcrumbList\",\"@id\":\"https:\\\/\\\/nelidesign.com\\\/fr\\\/cadre-unique-pour-exposer-ses-photos\\\/#breadcrumb\",\"itemListElement\":[{\"@type\":\"ListItem\",\"position\":1,\"name\":\"Home\",\"item\":\"https:\\\/\\\/nelidesign.com\\\/fr\\\/\"},{\"@type\":\"ListItem\",\"position\":2,\"name\":\"$100 Room Challenge\",\"item\":\"https:\\\/\\\/nelidesign.com\\\/fr\\\/category\\\/100-room-challenge-fr\\\/\"},{\"@type\":\"ListItem\",\"position\":3,\"name\":\"Cadre unique pour exposer ses photos\"}]},{\"@type\":\"WebSite\",\"@id\":\"https:\\\/\\\/nelidesign.com\\\/fr\\\/#website\",\"url\":\"https:\\\/\\\/nelidesign.com\\\/fr\\\/\",\"name\":\"NeliDesign\",\"description\":\"Projets cr\u00e9atifs pour une d\u00e9co qui vous plait\",\"publisher\":{\"@id\":\"https:\\\/\\\/nelidesign.com\\\/fr\\\/#\\\/schema\\\/person\\\/07194ebfb7711949a8cdd1a9da087cdd\"},\"potentialAction\":[{\"@type\":\"SearchAction\",\"target\":{\"@type\":\"EntryPoint\",\"urlTemplate\":\"https:\\\/\\\/nelidesign.com\\\/fr\\\/?s={search_term_string}\"},\"query-input\":{\"@type\":\"PropertyValueSpecification\",\"valueRequired\":true,\"valueName\":\"search_term_string\"}}],\"inLanguage\":\"fr-FR\"},{\"@type\":[\"Person\",\"Organization\"],\"@id\":\"https:\\\/\\\/nelidesign.com\\\/fr\\\/#\\\/schema\\\/person\\\/07194ebfb7711949a8cdd1a9da087cdd\",\"name\":\"Natalie\",\"image\":{\"@type\":\"ImageObject\",\"inLanguage\":\"fr-FR\",\"@id\":\"https:\\\/\\\/nelidesign.com\\\/wp-content\\\/uploads\\\/2021\\\/10\\\/Natalie2021-1.jpg\",\"url\":\"https:\\\/\\\/nelidesign.com\\\/wp-content\\\/uploads\\\/2021\\\/10\\\/Natalie2021-1.jpg\",\"contentUrl\":\"https:\\\/\\\/nelidesign.com\\\/wp-content\\\/uploads\\\/2021\\\/10\\\/Natalie2021-1.jpg\",\"width\":350,\"height\":500,\"caption\":\"Natalie\"},\"logo\":{\"@id\":\"https:\\\/\\\/nelidesign.com\\\/wp-content\\\/uploads\\\/2021\\\/10\\\/Natalie2021-1.jpg\"},\"sameAs\":[\"https:\\\/\\\/nelidesign.com\\\/about-me2\\\/\",\"https:\\\/\\\/www.facebook.com\\\/Natalie.NeliDesign\\\/\",\"https:\\\/\\\/www.instagram.com\\\/Natalie.NeliDesign\\\/\",\"https:\\\/\\\/www.pinterest.com\\\/nelidesign\\\/\",\"https:\\\/\\\/www.youtube.com\\\/nelidesign\"]}]}<\/script>\n<!-- \/ Yoast SEO plugin. -->","yoast_head_json":{"title":"Cadre unique pour exposer ses photos - NeliDesign","description":"Suivez comment r\u00e9aliser un cadre unique et obtenez aussi un gabarit pour cr\u00e9er des photos comme si elles avaient \u00e9t\u00e9 prises avec une camera Instax Mini.","robots":{"index":"index","follow":"follow","max-snippet":"max-snippet:-1","max-image-preview":"max-image-preview:large","max-video-preview":"max-video-preview:-1"},"canonical":"https:\/\/nelidesign.com\/fr\/cadre-unique-pour-exposer-ses-photos\/","og_locale":"fr_FR","og_type":"article","og_title":"Cadre unique pour exposer ses photos - NeliDesign","og_description":"Suivez comment r\u00e9aliser un cadre unique et obtenez aussi un gabarit pour cr\u00e9er des photos comme si elles avaient \u00e9t\u00e9 prises avec une camera Instax Mini.","og_url":"https:\/\/nelidesign.com\/fr\/cadre-unique-pour-exposer-ses-photos\/","og_site_name":"NeliDesign","article_publisher":"https:\/\/www.facebook.com\/Natalie.NeliDesign\/","article_author":"https:\/\/www.facebook.com\/Natalie.NeliDesign\/","article_published_time":"2017-10-06T17:50:02+00:00","article_modified_time":"2018-09-29T17:52:14+00:00","og_image":[{"width":1200,"height":985,"url":"https:\/\/nelidesign.com\/wp-content\/uploads\/2017\/10\/Featured.jpg","type":"image\/jpeg"}],"author":"Natalie","twitter_card":"summary_large_image","twitter_creator":"@nelidesign","twitter_site":"@nelidesign","twitter_misc":{"\u00c9crit par":"Natalie","Dur\u00e9e de lecture estim\u00e9e":"4 minutes"},"schema":{"@context":"https:\/\/schema.org","@graph":[{"@type":"Article","@id":"https:\/\/nelidesign.com\/fr\/cadre-unique-pour-exposer-ses-photos\/#article","isPartOf":{"@id":"https:\/\/nelidesign.com\/fr\/cadre-unique-pour-exposer-ses-photos\/"},"author":{"name":"Natalie","@id":"https:\/\/nelidesign.com\/fr\/#\/schema\/person\/07194ebfb7711949a8cdd1a9da087cdd"},"headline":"Cadre unique pour exposer ses photos","datePublished":"2017-10-06T17:50:02+00:00","dateModified":"2018-09-29T17:52:14+00:00","mainEntityOfPage":{"@id":"https:\/\/nelidesign.com\/fr\/cadre-unique-pour-exposer-ses-photos\/"},"wordCount":894,"publisher":{"@id":"https:\/\/nelidesign.com\/fr\/#\/schema\/person\/07194ebfb7711949a8cdd1a9da087cdd"},"image":{"@id":"https:\/\/nelidesign.com\/fr\/cadre-unique-pour-exposer-ses-photos\/#primaryimage"},"thumbnailUrl":"https:\/\/nelidesign.com\/wp-content\/uploads\/2017\/10\/Featured.jpg","keywords":["Pour la maison"],"articleSection":["$100 Room Challenge","Bricolage","D\u00e9co","Pour les enfants"],"inLanguage":"fr-FR"},{"@type":"WebPage","@id":"https:\/\/nelidesign.com\/fr\/cadre-unique-pour-exposer-ses-photos\/","url":"https:\/\/nelidesign.com\/fr\/cadre-unique-pour-exposer-ses-photos\/","name":"Cadre unique pour exposer ses photos - NeliDesign","isPartOf":{"@id":"https:\/\/nelidesign.com\/fr\/#website"},"primaryImageOfPage":{"@id":"https:\/\/nelidesign.com\/fr\/cadre-unique-pour-exposer-ses-photos\/#primaryimage"},"image":{"@id":"https:\/\/nelidesign.com\/fr\/cadre-unique-pour-exposer-ses-photos\/#primaryimage"},"thumbnailUrl":"https:\/\/nelidesign.com\/wp-content\/uploads\/2017\/10\/Featured.jpg","datePublished":"2017-10-06T17:50:02+00:00","dateModified":"2018-09-29T17:52:14+00:00","description":"Suivez comment r\u00e9aliser un cadre unique et obtenez aussi un gabarit pour cr\u00e9er des photos comme si elles avaient \u00e9t\u00e9 prises avec une camera Instax Mini.","breadcrumb":{"@id":"https:\/\/nelidesign.com\/fr\/cadre-unique-pour-exposer-ses-photos\/#breadcrumb"},"inLanguage":"fr-FR","potentialAction":[{"@type":"ReadAction","target":["https:\/\/nelidesign.com\/fr\/cadre-unique-pour-exposer-ses-photos\/"]}]},{"@type":"ImageObject","inLanguage":"fr-FR","@id":"https:\/\/nelidesign.com\/fr\/cadre-unique-pour-exposer-ses-photos\/#primaryimage","url":"https:\/\/nelidesign.com\/wp-content\/uploads\/2017\/10\/Featured.jpg","contentUrl":"https:\/\/nelidesign.com\/wp-content\/uploads\/2017\/10\/Featured.jpg","width":1200,"height":985},{"@type":"BreadcrumbList","@id":"https:\/\/nelidesign.com\/fr\/cadre-unique-pour-exposer-ses-photos\/#breadcrumb","itemListElement":[{"@type":"ListItem","position":1,"name":"Home","item":"https:\/\/nelidesign.com\/fr\/"},{"@type":"ListItem","position":2,"name":"$100 Room Challenge","item":"https:\/\/nelidesign.com\/fr\/category\/100-room-challenge-fr\/"},{"@type":"ListItem","position":3,"name":"Cadre unique pour exposer ses photos"}]},{"@type":"WebSite","@id":"https:\/\/nelidesign.com\/fr\/#website","url":"https:\/\/nelidesign.com\/fr\/","name":"NeliDesign","description":"Projets cr\u00e9atifs pour une d\u00e9co qui vous plait","publisher":{"@id":"https:\/\/nelidesign.com\/fr\/#\/schema\/person\/07194ebfb7711949a8cdd1a9da087cdd"},"potentialAction":[{"@type":"SearchAction","target":{"@type":"EntryPoint","urlTemplate":"https:\/\/nelidesign.com\/fr\/?s={search_term_string}"},"query-input":{"@type":"PropertyValueSpecification","valueRequired":true,"valueName":"search_term_string"}}],"inLanguage":"fr-FR"},{"@type":["Person","Organization"],"@id":"https:\/\/nelidesign.com\/fr\/#\/schema\/person\/07194ebfb7711949a8cdd1a9da087cdd","name":"Natalie","image":{"@type":"ImageObject","inLanguage":"fr-FR","@id":"https:\/\/nelidesign.com\/wp-content\/uploads\/2021\/10\/Natalie2021-1.jpg","url":"https:\/\/nelidesign.com\/wp-content\/uploads\/2021\/10\/Natalie2021-1.jpg","contentUrl":"https:\/\/nelidesign.com\/wp-content\/uploads\/2021\/10\/Natalie2021-1.jpg","width":350,"height":500,"caption":"Natalie"},"logo":{"@id":"https:\/\/nelidesign.com\/wp-content\/uploads\/2021\/10\/Natalie2021-1.jpg"},"sameAs":["https:\/\/nelidesign.com\/about-me2\/","https:\/\/www.facebook.com\/Natalie.NeliDesign\/","https:\/\/www.instagram.com\/Natalie.NeliDesign\/","https:\/\/www.pinterest.com\/nelidesign\/","https:\/\/www.youtube.com\/nelidesign"]}]}},"featured_image_src":"https:\/\/nelidesign.com\/wp-content\/uploads\/2017\/10\/Featured-600x400.jpg","featured_image_src_square":"https:\/\/nelidesign.com\/wp-content\/uploads\/2017\/10\/Featured-600x600.jpg","author_info":{"display_name":"Natalie","author_link":"https:\/\/nelidesign.com\/fr\/author\/natalie-desrochers\/"},"_links":{"self":[{"href":"https:\/\/nelidesign.com\/fr\/wp-json\/wp\/v2\/posts\/6026","targetHints":{"allow":["GET"]}}],"collection":[{"href":"https:\/\/nelidesign.com\/fr\/wp-json\/wp\/v2\/posts"}],"about":[{"href":"https:\/\/nelidesign.com\/fr\/wp-json\/wp\/v2\/types\/post"}],"author":[{"embeddable":true,"href":"https:\/\/nelidesign.com\/fr\/wp-json\/wp\/v2\/users\/1"}],"replies":[{"embeddable":true,"href":"https:\/\/nelidesign.com\/fr\/wp-json\/wp\/v2\/comments?post=6026"}],"version-history":[{"count":1,"href":"https:\/\/nelidesign.com\/fr\/wp-json\/wp\/v2\/posts\/6026\/revisions"}],"predecessor-version":[{"id":8945,"href":"https:\/\/nelidesign.com\/fr\/wp-json\/wp\/v2\/posts\/6026\/revisions\/8945"}],"wp:featuredmedia":[{"embeddable":true,"href":"https:\/\/nelidesign.com\/fr\/wp-json\/wp\/v2\/media\/6514"}],"wp:attachment":[{"href":"https:\/\/nelidesign.com\/fr\/wp-json\/wp\/v2\/media?parent=6026"}],"wp:term":[{"taxonomy":"category","embeddable":true,"href":"https:\/\/nelidesign.com\/fr\/wp-json\/wp\/v2\/categories?post=6026"},{"taxonomy":"post_tag","embeddable":true,"href":"https:\/\/nelidesign.com\/fr\/wp-json\/wp\/v2\/tags?post=6026"},{"taxonomy":"holidays","embeddable":true,"href":"https:\/\/nelidesign.com\/fr\/wp-json\/wp\/v2\/holidays?post=6026"}],"curies":[{"name":"wp","href":"https:\/\/api.w.org\/{rel}","templated":true}]}}